{"id":22123,"date":"2017-03-18T16:12:30","date_gmt":"2017-03-18T16:12:30","guid":{"rendered":"http:\/\/2017.maximegoulet.com\/?p=22123\/"},"modified":"2026-04-06T19:02:25","modified_gmt":"2026-04-06T19:02:25","slug":"chocolats-symphoniques","status":"publish","type":"post","link":"https:\/\/maximegoulet.com\/fr\/chocolats-symphoniques\/","title":{"rendered":"Chocolats symphoniques"},"content":{"rendered":"[vc_row row_type=\u00a0\u00bbrow\u00a0\u00bb use_row_as_full_screen_section=\u00a0\u00bbno\u00a0\u00bb type=\u00a0\u00bbfull_width\u00a0\u00bb text_align=\u00a0\u00bbleft\u00a0\u00bb background_animation=\u00a0\u00bbnone\u00a0\u00bb][vc_column][vc_column_text]\n<h3>Suite orchestrale en quatre saveurs<\/h3>\n[\/vc_column_text][vc_empty_space][\/vc_column][\/vc_row][vc_row row_type=\u00a0\u00bbrow\u00a0\u00bb use_row_as_full_screen_section=\u00a0\u00bbno\u00a0\u00bb type=\u00a0\u00bbfull_width\u00a0\u00bb text_align=\u00a0\u00bbleft\u00a0\u00bb background_animation=\u00a0\u00bbnone\u00a0\u00bb][vc_column width=\u00a0\u00bb2\/3&Prime;][vc_video link=\u00a0\u00bbhttps:\/\/www.youtube.com\/watch?v=XsKeHRvT4fo\u00a0\u00bb][vc_column_text]<iframe src=\"https:\/\/w.soundcloud.com\/player\/?url=https%3A\/\/api.soundcloud.com\/playlists\/71684090&amp;color=ff5500&amp;auto_play=false&amp;hide_related=false&amp;show_comments=false&amp;show_user=false&amp;show_reposts=false\" width=\"100%\" height=\"350\" frameborder=\"no\" scrolling=\"no\" data-mce-fragment=\"1\"><\/iframe>[\/vc_column_text][\/vc_column][vc_column width=\u00a0\u00bb1\/3&Prime;][vc_column_text css=\u00a0\u00bb.vc_custom_1515121622541{padding-top: 5px !important;padding-right: 10px !important;padding-bottom: 10px !important;padding-left: 15px !important;background-color: #efefef !important;}\u00a0\u00bb]\n<p class=\"style22\" style=\"text-align: left;\"><em>\u00ab\u00a0Une id\u00e9e saugrenue qui rend la musique classique plus festive. [&#8230;] Chocolats symphoniques respire le bonheur.\u00a0\u00bb<br \/>\n<\/em><span class=\"style31\">\u2013\u00a0<a href=\"http:\/\/ici.radio-canada.ca\/emissions\/pm\/2013-2014\/chronique.asp?idChronique=326754\" target=\"_blank\" rel=\"noopener noreferrer\">Radio-Canada<\/a>, Patrick Masbourian<\/span><\/p>\n<p class=\"style22\" style=\"text-align: left;\"><em>\u00ab\u00a0Une exp\u00e9rience multisensorielle qui bouleverse le concept de concert classique et, par le fait m\u00eame, celui des plaisirs du chocolat.\u00a0\u00bb<\/em><br \/>\n\u2013\u00a0<a href=\"http:\/\/www.chron.com\/entertainment\/music\/article\/Exploring-the-sound-of-taste-12359390.php\" target=\"_blank\" rel=\"noopener noreferrer\">The Houston Chron<\/a>,\u00a0Lawrence Elizabeth Knox<\/p>\n<p class=\"style38\" style=\"text-align: left;\"><em>\u00ab\u00a0L\u2019id\u00e9e pour le moins originale est soutenue par une musique habile, imm\u00e9diatement plaisante, tr\u00e8s cin\u00e9matographique, dans la lign\u00e9e de la musique l\u00e9g\u00e8re.\u00a0\u00bb<\/em><br \/>\n<span class=\"style31\">\u2013\u00a0<a href=\"http:\/\/www.ledevoir.com\/culture\/musique\/399972\/chocolats-symphoniques\" target=\"_blank\" rel=\"noopener noreferrer\">Le Devoir<\/a>, Christophe Huss<\/span><\/p>\n<p class=\"style38\" style=\"text-align: left;\"><em>\u00ab\u00a0A new experience on a whole other level!\u00a0\u00bb<br \/>\n<\/em>\u2013\u00a0<a href=\"http:\/\/www.cbc.ca\/player\/AudioMobile\/Daybreak%2BMontreal\/ID\/2585262064\/\" target=\"_blank\" rel=\"noopener noreferrer\">CBC, Daybreak Montreal<\/a><\/p>\n<p class=\"style38\" style=\"text-align: left;\"><em>\u00ab\u00a0A chocolate tasting at the symphony: Maxime Goulet\u2019s Symphonic Chocolates is a delicious sensory experience.\u00a0\u00bb<br \/>\n<\/em>\u2013\u00a0<a href=\"http:\/\/music.cbc.ca\/#\/blogs\/2014\/2\/In-Tune-on-Feb-15-Classical-Juno-nominations-symphonic-chocolates-stolen-Strads-happy-ending\" target=\"_blank\" rel=\"noopener noreferrer\">CBC, InTune<\/a><\/p>\n<p class=\"style22\" style=\"text-align: left;\"><em>\u00ab\u00a0Le public a particip\u00e9 avec enthousiasme \u00e0 la d\u00e9gustation et \u00e0 l&rsquo;\u00e9coute de Chocolats symphoniques. La habanera accompagnant le chocolat noir fut particuli\u00e8rement appr\u00e9ci\u00e9.\u00a0\u00bb<span class=\"style38\"><br \/>\n<\/span><\/em><span class=\"style38\"><span class=\"style31\">\u2013\u00a0<a href=\"http:\/\/ontarioartsreview.ca\/2012\/08\/03\/by-george-thats-gershwinby-brott-2\/\" target=\"_blank\" rel=\"noopener noreferrer\">Ontario Arts Review<\/a><\/span><\/span><\/p>\n<p class=\"style22\" style=\"text-align: left;\"><em>\u00ab\u00a0Chocolats symphoniques devrait faire partie du r\u00e9pertoire courant de tous les orchestres. L&rsquo;oeuvre s&rsquo;est av\u00e9r\u00e9e \u00eatre un \u00e9norme succ\u00e8s au pr\u00e8s des musiciens et du public.\u00a0\u00bb\u00a0<\/em><br \/>\n<span class=\"style35\">\u2013\u00a0<a href=\"http:\/\/www.borisbrott.com\/\" target=\"_blank\" rel=\"noopener noreferrer\">Boris Brott<\/a><\/span><\/p>\n[\/vc_column_text][\/vc_column][\/vc_row][vc_row row_type=\u00a0\u00bbrow\u00a0\u00bb use_row_as_full_screen_section=\u00a0\u00bbno\u00a0\u00bb type=\u00a0\u00bbfull_width\u00a0\u00bb text_align=\u00a0\u00bbleft\u00a0\u00bb background_animation=\u00a0\u00bbnone\u00a0\u00bb][vc_column][vc_empty_space height=\u00a0\u00bb20px\u00a0\u00bb][\/vc_column][\/vc_row][vc_row row_type=\u00a0\u00bbrow\u00a0\u00bb use_row_as_full_screen_section=\u00a0\u00bbno\u00a0\u00bb type=\u00a0\u00bbfull_width\u00a0\u00bb text_align=\u00a0\u00bbleft\u00a0\u00bb background_animation=\u00a0\u00bbnone\u00a0\u00bb][vc_column][vc_column_text]\n<p class=\"style22\"><strong>Chocolats symphoniques<\/strong> est une oeuvre destin\u00e9e \u00e0 accompagner une d\u00e9gustation de chocolats. Il s&rsquo;agit d&rsquo;une suite orchestrale en quatre courts mouvements dans laquelle chaque mouvement \u00e9voque une saveur diff\u00e9rente de chocolat:<br \/>\nI &#8211; Chocolat au caramel: Une longue m\u00e9lodie lyrique support\u00e9e par une sonorit\u00e9 riche et enveloppante.<br \/>\nII &#8211; Chocolat noir: Une intense habanera du d\u00e9sir et de la s\u00e9duction, relev\u00e9e d&rsquo;une amertume dissonante.<br \/>\nIII &#8211; Chocolat \u00e0 la menthe: Une d\u00e9licate fra\u00eecheur aux sonorit\u00e9s glac\u00e9es.<br \/>\nIV &#8211; Chocolat au caf\u00e9: Un tempo d&rsquo;espresso \u00e0 saveur br\u00e9silienne.<br \/>\nLorsque l&rsquo;oeuvre est jou\u00e9e\u00a0en concert, des bo\u00eetes de quatre petits chocolats assortis aux saveurs des mouvements\u00a0peuvent \u00eatre distribu\u00e9es au public. L&rsquo;auditeur est alors invit\u00e9 \u00e0 d\u00e9guster chaque chocolat au son du mouvement correspondant. <a href=\"http:\/\/chocolatssymphoniques.com\/concerts\/\" target=\"_blank\" rel=\"noopener noreferrer\">En savoir d&rsquo;avantage \u00e0 propos des concerts d\u00e9gustation<\/a>.<br \/>\nLa science r\u00e9v\u00e8le que\u00a0la musique peut influencer le go\u00fbt du chocolat. <a href=\"http:\/\/chocolatssymphoniques.com\/science\/\" target=\"_blank\" rel=\"noopener noreferrer\">En savoir d&rsquo;avantage \u00e0 propos de ces \u00e9tudes<\/a>.<\/p>\n<p><strong>Instrumentation<\/strong> (disponible en plusieurs versions):<\/p>\n<ul>\n<li>Version pour orchestre classique: 2.2.2.2 \/ 2.2.0.0 \/ 1 perc (facultatif) \/ cordes<\/li>\n<li>Version pour orchestre de chambre: 1.1.1.1 \/ 1.0.0.0 \/ 1 perc (facultatif) \/ cordes<\/li>\n<li>Version pour ensemble de solistes: 1.1.1.1 \/ 1.0.0.0 \/ 1 perc (facultatif) \/ quintette \u00e0 cordes<\/li>\n<li>Version pour orchestre \u00e0 cordes et piano * (arr. Maxime Goulet et <a href=\"http:\/\/ericjonescadieux.com\/\" target=\"_blank\" rel=\"noopener noreferrer\">Eric Jones Cadieux<\/a>)<\/li>\n<li>Version pour orchestre \u00e0 cordes<\/li>\n<li>Version pour quintette \u00e0 cordes et piano * (arr. Maxime Goulet et <a href=\"http:\/\/ericjonescadieux.com\/\" target=\"_blank\" rel=\"noopener noreferrer\">Eric Jones Cadieux<\/a>)<\/li>\n<li>Version pour quintette \u00e0 cordes<\/li>\n<li>Version pour quatuor \u00e0 cordes<\/li>\n<li>Version pour quintette \u00e0 vents *<\/li>\n<li>Version pour deux violons et piano ** (arr. Maxime Goulet et <a href=\"http:\/\/ericjonescadieux.com\/\" target=\"_blank\" rel=\"noopener noreferrer\">Eric Jones Cadieux<\/a>)<\/li>\n<li>Version pour violon solo et piano * (arr. Maxime Goulet et <a href=\"http:\/\/ericjonescadieux.com\/\" target=\"_blank\" rel=\"noopener noreferrer\">Eric Jones Cadieux<\/a>)<\/li>\n<li>Version pour fl\u00fbte solo et piano * (arr. Maxime Goulet et <a href=\"http:\/\/ericjonescadieux.com\/\" target=\"_blank\" rel=\"noopener noreferrer\">Eric Jones Cadieux<\/a>)<\/li>\n<li>Version pour clarinette solo et piano * (arr. Maxime Goulet et <a href=\"http:\/\/ericjonescadieux.com\/\" target=\"_blank\" rel=\"noopener noreferrer\">Eric Jones Cadieux<\/a>)<\/li>\n<li>Version pour orchestre \u00e0 vents (arr. <a href=\"http:\/\/www.paulsuchan.com\/\" target=\"_blank\" rel=\"noopener noreferrer\">Paul Suchan<\/a>)<\/li>\n<\/ul>\n<p>* Cette version comprend seulement le 4e mouvement, Chocolat au caf\u00e9<br \/>\n** Cette version comprend seulement le 2e mouvement, Chocolat noir<\/p>\n<p><strong>Dur\u00e9e<\/strong>: 12 minutes<\/p>\n<p><strong>Suggestions d\u2019oeuvre compl\u00e9mentaires<\/strong>:<\/p>\n<ul>\n<li>Chocolats symphoniques est fr\u00e9quemment programm\u00e9 pour la Saint-Valentin ou pour la f\u00eate des m\u00e8res<\/li>\n<li>Trame sonore du film \u00ab\u00a0Chocolat\u00a0\u00bb<\/li>\n<li>Trame sonore du film \u00ab\u00a0Charlie and the Chocolate Factory\u00a0\u00bb ou \u00ab\u00a0Willy Wonka\u00a0\u00bb<\/li>\n<li>Tchaikovsky: Danse de la F\u00e9e Drag\u00e9e<\/li>\n<li>Bach: Cantate du caf\u00e9 BWV 211<\/li>\n<\/ul>\n<p><strong>Commande<\/strong> du <a href=\"http:\/\/www.nationalacademyorchestra.com\/\" target=\"_blank\" rel=\"noopener noreferrer\">National Academy Orchestra of Canada<\/a>, et de leur directeur artistique <a href=\"http:\/\/borisbrott.com\" target=\"_blank\" rel=\"noopener noreferrer\">Boris Brott<\/a>, dans le cadre d&rsquo;une r\u00e9sidence de composition pour souligner le 25i\u00e8me anniversaire du <a href=\"http:\/\/www.brottmusic.com\/\" target=\"_blank\" rel=\"noopener noreferrer\">Brott Music Festival<\/a>.<\/p>\n<p><strong>D\u00e9di\u00e9e<\/strong> \u00e0 Ardyth et Boris Brott en reconnaissance de leur support artistique.<\/p>\n<p><strong>Cr\u00e9ation<\/strong>: le 2 ao\u00fbt, 2012, par le <a href=\"http:\/\/www.nationalacademyorchestra.com\/\" target=\"_blank\" rel=\"noopener noreferrer\">National Academy Orchestra of Canada<\/a> et le chef <a href=\"http:\/\/borisbrott.com\" target=\"_blank\" rel=\"noopener noreferrer\">Boris Brott<\/a>, lors du <a href=\"http:\/\/www.brottmusic.com\/\" target=\"_blank\" rel=\"noopener noreferrer\">Brott Music Festival<\/a>, \u00e0 Hamilton.<\/p>\n<p><strong>Discographie:<\/strong> Chocolats symphoniques, enregistr\u00e9e par le\u00a0<a href=\"http:\/\/www.musa.cz\/filmharmonic-orchestra.htm\" target=\"_blank\" rel=\"noopener noreferrer\">Prague FILMharmonic Orchestra<\/a>, sous la direction de\u00a0maestro <a href=\"http:\/\/www.adamklemens.cz\/\" target=\"_blank\" rel=\"noopener noreferrer\">Adam Klemens<\/a>, figure sur l\u2019album\u00a0<a href=\"http:\/\/chocolatssymphoniques.com\/disque\/\" target=\"_blank\" rel=\"noopener noreferrer\">Chocolats symphoniques<\/a>, publi\u00e9\u00a0en 2014.<\/p>\n<p><strong>Site web officiel de Chocolats symphoniques<\/strong>: <a href=\"http:\/\/www.chocolatssymphoniques.com\/\" target=\"_blank\" rel=\"noopener noreferrer\">www.chocolatssymphoniques.com<\/a>[\/vc_column_text][\/vc_column][\/vc_row][vc_row row_type=\u00a0\u00bbrow\u00a0\u00bb use_row_as_full_screen_section=\u00a0\u00bbno\u00a0\u00bb type=\u00a0\u00bbfull_width\u00a0\u00bb text_align=\u00a0\u00bbleft\u00a0\u00bb background_animation=\u00a0\u00bbnone\u00a0\u00bb][vc_column][vc_empty_space height=\u00a0\u00bb64px\u00a0\u00bb][vc_text_separator title=\u00a0\u00bbVersion pour quatuor \u00e0 cordes\u00a0\u00bb][vc_empty_space][\/vc_column][\/vc_row][vc_row row_type=\u00a0\u00bbrow\u00a0\u00bb use_row_as_full_screen_section=\u00a0\u00bbno\u00a0\u00bb type=\u00a0\u00bbfull_width\u00a0\u00bb text_align=\u00a0\u00bbleft\u00a0\u00bb background_animation=\u00a0\u00bbnone\u00a0\u00bb][vc_column width=\u00a0\u00bb1\/2&Prime;][vc_video link=\u00a0\u00bbhttps:\/\/youtu.be\/UnmMTBISzIU\u00a0\u00bb][vc_empty_space][vc_video link=\u00a0\u00bbhttps:\/\/www.youtube.com\/watch?v=ywcXsDqN99w\u00a0\u00bb][\/vc_column][vc_column width=\u00a0\u00bb1\/2&Prime;][vc_video link=\u00a0\u00bbhttps:\/\/youtu.be\/gwBX9bbDkOs\u00a0\u00bb][vc_empty_space][vc_video link=\u00a0\u00bbhttps:\/\/www.youtube.com\/watch?v=zADPIPLHxcY\u00a0\u00bb][\/vc_column][\/vc_row][vc_row row_type=\u00a0\u00bbrow\u00a0\u00bb use_row_as_full_screen_section=\u00a0\u00bbno\u00a0\u00bb type=\u00a0\u00bbfull_width\u00a0\u00bb text_align=\u00a0\u00bbleft\u00a0\u00bb background_animation=\u00a0\u00bbnone\u00a0\u00bb][vc_column][vc_empty_space height=\u00a0\u00bb64px\u00a0\u00bb][vc_text_separator title=\u00a0\u00bbVersion pour orchestre \u00e0 cordes\u00a0\u00bb][vc_empty_space][\/vc_column][\/vc_row][vc_row row_type=\u00a0\u00bbrow\u00a0\u00bb use_row_as_full_screen_section=\u00a0\u00bbno\u00a0\u00bb type=\u00a0\u00bbfull_width\u00a0\u00bb text_align=\u00a0\u00bbleft\u00a0\u00bb background_animation=\u00a0\u00bbnone\u00a0\u00bb][vc_column css=\u00a0\u00bb.vc_custom_1561250332878{padding-top: 0px !important;padding-right: 0px !important;padding-bottom: 0px !important;padding-left: 0px !important;background-color: #f1f1f1 !important;}\u00a0\u00bb][vc_video link=\u00a0\u00bbhttps:\/\/www.youtube.com\/watch?v=vGFs3bW1LnM\u00a0\u00bb][vc_column_text css=\u00a0\u00bb.vc_custom_1561250560647{padding-top: 0px !important;padding-right: 20px !important;padding-bottom: 10px !important;padding-left: 20px !important;}\u00a0\u00bb]\n<p style=\"text-align: center;\">Interpr\u00e9tation de la\u00a0version\u00a0pour orchestre \u00e0 cordes\u00a0de Chocolats symphoniques,\u00a0par le\u00a0<a href=\"https:\/\/www.facebook.com\/groups\/302715576536099\/\" target=\"_blank\" rel=\"noopener noreferrer\">B-A-C-H Chamber Ensemble, The Soloists of Russia<\/a>, au Museum of Ekaterinburg History,\u00a0Ekaterinburg, en Russie.<\/p>\n[\/vc_column_text][\/vc_column][\/vc_row][vc_row row_type=\u00a0\u00bbrow\u00a0\u00bb use_row_as_full_screen_section=\u00a0\u00bbno\u00a0\u00bb type=\u00a0\u00bbfull_width\u00a0\u00bb text_align=\u00a0\u00bbleft\u00a0\u00bb background_animation=\u00a0\u00bbnone\u00a0\u00bb][vc_column][vc_empty_space height=\u00a0\u00bb64px\u00a0\u00bb][vc_text_separator title=\u00a0\u00bbVersion pour quintette \u00e0 vents\u00a0\u00bb][vc_empty_space][\/vc_column][\/vc_row][vc_row row_type=\u00a0\u00bbrow\u00a0\u00bb use_row_as_full_screen_section=\u00a0\u00bbno\u00a0\u00bb type=\u00a0\u00bbfull_width\u00a0\u00bb text_align=\u00a0\u00bbleft\u00a0\u00bb background_animation=\u00a0\u00bbnone\u00a0\u00bb][vc_column css=\u00a0\u00bb.vc_custom_1561250332878{padding-top: 0px !important;padding-right: 0px !important;padding-bottom: 0px !important;padding-left: 0px !important;background-color: #f1f1f1 !important;}\u00a0\u00bb][vc_video link=\u00a0\u00bbhttps:\/\/www.youtube.com\/watch?v=DCAkBrtXPAE&amp;t=1187s\u00a0\u00bb][vc_column_text css=\u00a0\u00bb.vc_custom_1654895249032{padding-top: 0px !important;padding-right: 20px !important;padding-bottom: 10px !important;padding-left: 20px !important;}\u00a0\u00bb]\n<p style=\"text-align: center;\">Interpr\u00e9tation de la version pour quintette \u00e0 vents du 4e mouvement de Chocolats symphoniques, par des musiciens du <a href=\"https:\/\/calgaryphil.com\/\" target=\"_blank\" rel=\"noopener noreferrer\">Calgary Philharmonic Orchestra<\/a><\/p>\n[\/vc_column_text][\/vc_column][\/vc_row][vc_row row_type=\u00a0\u00bbrow\u00a0\u00bb use_row_as_full_screen_section=\u00a0\u00bbno\u00a0\u00bb type=\u00a0\u00bbfull_width\u00a0\u00bb text_align=\u00a0\u00bbleft\u00a0\u00bb background_animation=\u00a0\u00bbnone\u00a0\u00bb][vc_column][vc_empty_space height=\u00a0\u00bb64px\u00a0\u00bb][vc_text_separator title=\u00a0\u00bbD&rsquo;autres vid\u00e9o de Chocolats symphoniques\u00a0\u00bb][vc_empty_space][\/vc_column][\/vc_row][vc_row row_type=\u00a0\u00bbrow\u00a0\u00bb use_row_as_full_screen_section=\u00a0\u00bbno\u00a0\u00bb type=\u00a0\u00bbfull_width\u00a0\u00bb text_align=\u00a0\u00bbleft\u00a0\u00bb background_animation=\u00a0\u00bbnone\u00a0\u00bb][vc_column width=\u00a0\u00bb1\/2&Prime; css=\u00a0\u00bb.vc_custom_1493652610363{border-right-width: 16px !important;padding-top: 0px !important;padding-right: 0px !important;padding-bottom: 0px !important;padding-left: 0px !important;background-color: #f1f1f1 !important;border-right-color: #ffffff !important;}\u00a0\u00bb][vc_video link=\u00a0\u00bbhttps:\/\/www.youtube.com\/watch?v=jZ41_76zScQ&amp;feature=youtu.be\u00a0\u00bb][vc_column_text css=\u00a0\u00bb.vc_custom_1563908004705{padding-top: 0px !important;padding-right: 20px !important;padding-bottom: 10px !important;padding-left: 20px !important;}\u00a0\u00bb]\n<p style=\"text-align: center;\">Maxime Goulet\u00a0pr\u00e9sente Chocolats symphoniques lors d&rsquo;un concert d\u00e9gustation avec\u00a0<a href=\"https:\/\/lorchestre.org\/\" target=\"_blank\" rel=\"noopener noreferrer\">L\u2019Orchestre symphonique du Saguenay\u2014Lac-Saint-Jean<\/a><\/p>\n[\/vc_column_text][vc_empty_space css=\u00a0\u00bb.vc_custom_1563905626724{background-color: #ffffff !important;}\u00a0\u00bb][\/vc_column][vc_column width=\u00a0\u00bb1\/2&Prime; css=\u00a0\u00bb.vc_custom_1493652756980{border-left-width: 16px !important;padding-top: 0px !important;padding-right: 0px !important;padding-bottom: 0px !important;padding-left: 0px !important;background-color: #f1f1f1 !important;border-left-color: #ffffff !important;border-left-style: solid !important;}\u00a0\u00bb][vc_video link=\u00a0\u00bbhttps:\/\/www.youtube.com\/watch?v=ZXuW2x_yVPY\u00a0\u00bb][vc_column_text css=\u00a0\u00bb.vc_custom_1493652670641{padding-top: 0px !important;padding-right: 20px !important;padding-bottom: 10px !important;padding-left: 20px !important;}\u00a0\u00bb]\n<p style=\"text-align: center;\">Reportage \u00e0 propos des concerts de Chocolats symphoniques en France<\/p>\n[\/vc_column_text][vc_empty_space css=\u00a0\u00bb.vc_custom_1563905626724{background-color: #ffffff !important;}\u00a0\u00bb][\/vc_column][\/vc_row][vc_row row_type=\u00a0\u00bbrow\u00a0\u00bb use_row_as_full_screen_section=\u00a0\u00bbno\u00a0\u00bb type=\u00a0\u00bbfull_width\u00a0\u00bb text_align=\u00a0\u00bbleft\u00a0\u00bb background_animation=\u00a0\u00bbnone\u00a0\u00bb][vc_column width=\u00a0\u00bb1\/2&Prime; css=\u00a0\u00bb.vc_custom_1493652610363{border-right-width: 16px !important;padding-top: 0px !important;padding-right: 0px !important;padding-bottom: 0px !important;padding-left: 0px !important;background-color: #f1f1f1 !important;border-right-color: #ffffff !important;border-right-style: solid !important;}\u00a0\u00bb][vc_video link=\u00a0\u00bbhttps:\/\/www.youtube.com\/watch?v=2fBv4nfGnLQ&amp;feature=youtu.be\u00a0\u00bb][vc_column_text css=\u00a0\u00bb.vc_custom_1576608357549{padding-top: 0px !important;padding-right: 20px !important;padding-bottom: 10px !important;padding-left: 20px !important;}\u00a0\u00bb]\n<p style=\"text-align: center;\">Reportage \u00e0 propos des concerts de Chocolats symphoniques en\u00a0Suisse<\/p>\n[\/vc_column_text][vc_empty_space css=\u00a0\u00bb.vc_custom_1563905626724{background-color: #ffffff !important;}\u00a0\u00bb][\/vc_column][vc_column width=\u00a0\u00bb1\/2&Prime; css=\u00a0\u00bb.vc_custom_1576608319645{border-left-width: 16px !important;padding-top: 0px !important;padding-right: 0px !important;padding-bottom: 0px !important;padding-left: 0px !important;background-color: #f1f1f1 !important;border-left-color: #ffffff !important;border-left-style: solid !important;}\u00a0\u00bb][vc_video link=\u00a0\u00bbhttps:\/\/www.youtube.com\/watch?v=m3ANWaO4qt4&Prime;][vc_column_text css=\u00a0\u00bb.vc_custom_1493652930787{padding-top: 0px !important;padding-right: 20px !important;padding-bottom: 10px !important;padding-left: 20px !important;}\u00a0\u00bb]\n<p style=\"text-align: center;\">Entrevue avec Maxime Goulet, \u00e0 propos de sa composition Chocolats symphoniques<\/p>\n[\/vc_column_text][vc_empty_space css=\u00a0\u00bb.vc_custom_1563905626724{background-color: #ffffff !important;}\u00a0\u00bb][\/vc_column][\/vc_row][vc_row row_type=\u00a0\u00bbrow\u00a0\u00bb use_row_as_full_screen_section=\u00a0\u00bbno\u00a0\u00bb type=\u00a0\u00bbfull_width\u00a0\u00bb text_align=\u00a0\u00bbleft\u00a0\u00bb background_animation=\u00a0\u00bbnone\u00a0\u00bb][vc_column width=\u00a0\u00bb1\/2&Prime; css=\u00a0\u00bb.vc_custom_1493652610363{border-right-width: 16px !important;padding-top: 0px !important;padding-right: 0px !important;padding-bottom: 0px !important;padding-left: 0px !important;background-color: #f1f1f1 !important;border-right-color: #ffffff !important;border-right-style: solid !important;}\u00a0\u00bb][vc_video link=\u00a0\u00bbhttps:\/\/www.youtube.com\/watch?v=GJUQXfvWVeY\u00a0\u00bb][vc_column_text css=\u00a0\u00bb.vc_custom_1632171186768{padding-top: 0px !important;padding-right: 20px !important;padding-bottom: 10px !important;padding-left: 20px !important;}\u00a0\u00bb]\n<p style=\"text-align: center;\">Chocolat au caramel interpr\u00e9t\u00e9 par le <a href=\"https:\/\/www.tso.ca\/\" target=\"_blank\" rel=\"noopener noreferrer\">Toronto Symphony Orchestra<\/a> et <a href=\"https:\/\/www.danielbartholomewpoyser.com\/bio\" target=\"_blank\" rel=\"noopener noreferrer\">Daniel Bartholomew-Poyser<\/a><\/p>\n[\/vc_column_text][\/vc_column][vc_column width=\u00a0\u00bb1\/2&Prime; css=\u00a0\u00bb.vc_custom_1576608319645{border-left-width: 16px !important;padding-top: 0px !important;padding-right: 0px !important;padding-bottom: 0px !important;padding-left: 0px !important;background-color: #f1f1f1 !important;border-left-color: #ffffff !important;border-left-style: solid !important;}\u00a0\u00bb][vc_video link=\u00a0\u00bbhttps:\/\/www.youtube.com\/watch?v=2pIrfiqXBCs\u00a0\u00bb][vc_column_text css=\u00a0\u00bb.vc_custom_1632171200594{padding-top: 0px !important;padding-right: 20px !important;padding-bottom: 10px !important;padding-left: 20px !important;}\u00a0\u00bb]\n<p style=\"text-align: center;\">Chocolat au caf\u00e9 interpr\u00e9t\u00e9 par le <a href=\"https:\/\/www.tso.ca\/\" target=\"_blank\" rel=\"noopener noreferrer\">Toronto Symphony Orchestra<\/a> et <a href=\"https:\/\/www.danielbartholomewpoyser.com\/bio\" target=\"_blank\" rel=\"noopener noreferrer\">Daniel Bartholomew-Poyser<\/a><\/p>\n[\/vc_column_text][\/vc_column][\/vc_row][vc_row row_type=\u00a0\u00bbrow\u00a0\u00bb use_row_as_full_screen_section=\u00a0\u00bbno\u00a0\u00bb type=\u00a0\u00bbfull_width\u00a0\u00bb text_align=\u00a0\u00bbleft\u00a0\u00bb background_animation=\u00a0\u00bbnone\u00a0\u00bb][vc_column][vc_empty_space height=\u00a0\u00bb64px\u00a0\u00bb][vc_text_separator title=\u00a0\u00bbPerformances de Chocolats symphoniques\u00a0\u00bb][vc_empty_space][vc_column_text]2026, Juin 21 | <a href=\"https:\/\/www.stadtorchester-schlieren.ch\/\" target=\"_blank\" rel=\"noopener noreferrer\">Stadtorchester Schlieren<\/a>, Hugo Bollschweiler | Neum\u00fcnster Church, Zurich, Suisse<br \/>\n2026, Juin 20 | <a href=\"https:\/\/www.stadtorchester-schlieren.ch\/\" target=\"_blank\" rel=\"noopener noreferrer\">Stadtorchester Schlieren<\/a>, Hugo Bollschweiler | Auditorium of the Limmattal Cantonal School, Urdorf, Suisse<br \/>\n2026, Avr. 19 | <a href=\"https:\/\/www.ocf.ch\/fr\" target=\"_blank\" rel=\"noopener noreferrer\">Orchestre de chambre fribourgeois<\/a>, Philippe Bach | Fribourg, Suisse<br \/>\n2026, Avr. 18 | <a href=\"https:\/\/thecenterpresents.org\/about\/resident-companies\/carmel-symphony-orchestra\/\" target=\"_blank\" rel=\"noopener noreferrer\">Carmel Symphony Orchestra<\/a>, Kelly Corcoran\u00a0| Carmel, IN, \u00c9tats-Unis<br \/>\n2026, F\u00e9v. 22 | <a href=\"https:\/\/www.youthorchestrasfresno.org\/\" target=\"_blank\" rel=\"noopener noreferrer\">Youth Orchestras of Fresno<\/a>, Thomas Loewenheim | Paul Shaghoian Memorial Hall, Fresno, CA, \u00c9tats-Unis<br \/>\n2026, F\u00e9v. 13 |\u00a0<a href=\"https:\/\/www.flagstaffsymphony.org\/\" target=\"_blank\" rel=\"noopener noreferrer\">Flagstaff symphony orchestra<\/a>, | Ardrey Memorial Auditorium, Flagstaff, AZ, \u00c9tats-Unis<br \/>\n2026, F\u00e9v. 8 | <a href=\"https:\/\/gjso.org\/\" target=\"_blank\" rel=\"noopener noreferrer\">Grand Junction Symphony orchestra<\/a> | Asteria CMU Performing Arts Theatre, Grand Junction, CO, \u00c9tats Unis<br \/>\n2026, F\u00e9v. 7 |\u00a0<a href=\"https:\/\/gjso.org\/\" target=\"_blank\" rel=\"noopener noreferrer\">Grand Junction Symphony orchestra<\/a>\u00a0| Asteria CMU Performing Arts Theatre, Grand Junction, CO, \u00c9tats Unis<br \/>\n2026, Jan. 26 | <a href=\"https:\/\/symphonyoftheredwoods.org\/\" target=\"_blank\" rel=\"noopener noreferrer\">Symphony of the Redwoods<\/a>, Bryan Nies | Cotton Auditorium, Redwoods, CA, \u00c9tats-Unis<br \/>\n2026, Jan. 25 | <a href=\"https:\/\/symphonyoftheredwoods.org\/\" target=\"_blank\" rel=\"noopener noreferrer\">Symphony of the Redwoods<\/a>, Bryan Nies | Cotton Auditorium, Redwoods, CA, \u00c9tats-Unis<\/p>\n<p>2025, D\u00e9c. 14 |\u00a0<a href=\"https:\/\/www.stockportsymphony.co.uk\/\" target=\"_blank\" rel=\"noopener noreferrer\">Stockport Symphony Orchestra<\/a>, David Lund | Stockport Town Hall, Stockport, Grande Bretagne<br \/>\n2025, D\u00e9c. 13 | <a href=\"https:\/\/www.eporchestra.ca\/\" target=\"_blank\" rel=\"noopener noreferrer\">Etobicoke Philharmonic Orchestra<\/a>, Matthew Jones | Etobicoke, Toronto, ON, Canada<br \/>\n2025, D\u00e9c. 12 | <a href=\"https:\/\/www.eporchestra.ca\/\" target=\"_blank\" rel=\"noopener noreferrer\">Etobicoke Philharmonic Orchestra<\/a>, Matthew Jones | Etobicoke, Toronto, ON, Canada<br \/>\n2025, Dec. 7 |\u00a0<a href=\"https:\/\/performingartsnapavalley.org\/\" target=\"_blank\" rel=\"noopener noreferrer\">Symphony Tierra<\/a>\u00a0| Napa Valley College Performing Arts Center, Napa, CA, \u00c9tats-Unis<br \/>\n2025, Nov. 9 | <a href=\"https:\/\/www.orquestraebandasinfonicasmfeira.com\/\" target=\"_blank\" rel=\"noopener noreferrer\">Orquestra e Banda Sinf\u00f3nica de Jovens de Santa Maria de Feira<\/a>, Paulo Martins | Cineteatro Ant\u00f3nio Lamoso, Santa Maria da Feira, Portugal<br \/>\n2025, Sept. 1 | <a href=\"https:\/\/lorchestre.org\/le-quatuor-saguenay\" target=\"_blank\" rel=\"noopener noreferrer\">Quatuor Saguenay<\/a> | Parc du Sacr\u00e9-C\u0153ur, Saint-F\u00e9licien, QC, Canada<br \/>\n2025, Sept. 1 | <a href=\"https:\/\/lorchestre.org\/le-quatuor-saguenay\" target=\"_blank\" rel=\"noopener noreferrer\">Quatuor Saguenay<\/a> | Parc de la Pointe-des-P\u00e8res, Dolbeau-Mistassini, QC, Canada<br \/>\n2025, Ao\u00fbt 31 | <a href=\"https:\/\/lorchestre.org\/le-quatuor-saguenay\" target=\"_blank\" rel=\"noopener noreferrer\">Quatuor Saguenay<\/a> | Ch\u00e2teau d&rsquo;eau d&rsquo;Isle-Maligne, Alma, QC, Canada<br \/>\n2025, Ao\u00fbt 31 | <a href=\"https:\/\/lorchestre.org\/le-quatuor-saguenay\" target=\"_blank\" rel=\"noopener noreferrer\">Quatuor Saguenay<\/a> | Quai municipal, Roberval, QC, Canada<br \/>\n2025, Ao\u00fbt 30 | <a href=\"https:\/\/lorchestre.org\/le-quatuor-saguenay\" target=\"_blank\" rel=\"noopener noreferrer\">Quatuor Saguenay<\/a> | Quai municipal, Petit-Saguenay, QC, Canada<br \/>\n2025, Ao\u00fbt 30 | <a href=\"https:\/\/lorchestre.org\/le-quatuor-saguenay\" target=\"_blank\" rel=\"noopener noreferrer\">Quatuor Saguenay<\/a> | O&rsquo;Gelato &amp; Cacao, La Baie, QC, Canada<br \/>\n2025, Ao\u00fbt 29 | <a href=\"https:\/\/lorchestre.org\/le-quatuor-saguenay\" target=\"_blank\" rel=\"noopener noreferrer\">Quatuor Saguenay<\/a> | Parvis de la chapelle St-Cyriac, Jonqui\u00e8re, QC, Canada<br \/>\n2025, Ao\u00fbt 29 | <a href=\"https:\/\/lorchestre.org\/le-quatuor-saguenay\" target=\"_blank\" rel=\"noopener noreferrer\">Quatuor Saguenay<\/a> | Parc de la rivi\u00e8re du moulin, Chicoutimi, QC, Canada<br \/>\n2025, Ao\u00fbt 28 | <a href=\"https:\/\/lorchestre.org\/le-quatuor-saguenay\" target=\"_blank\" rel=\"noopener noreferrer\">Quatuor Saguenay<\/a> | Quai municipal, Sainte- Rose-du-Nord, QC, Canada<br \/>\n2025, Ao\u00fbt 28 | <a href=\"https:\/\/lorchestre.org\/le-quatuor-saguenay\" target=\"_blank\" rel=\"noopener noreferrer\">Quatuor Saguenay<\/a> | Cap des roches, Saint-Fulgence, QC, Canada<br \/>\n2025, Juin 29 | <a href=\"https:\/\/ovoe.ch\/\" target=\"_blank\" rel=\"noopener noreferrer\">Oerlikon Orchestra Association (OVOE)<\/a>, Oscar Mario Echeverry | Reformierte Kirche Oerlikon, Zurich, Suisse<br \/>\n2025, Mai 28 | <a href=\"https:\/\/ovoe.ch\/\" target=\"_blank\" rel=\"noopener noreferrer\">Oerlikon Orchestra Association (OVOE)<\/a>, Oscar Mario Echeverry | Orchestra Festival at Avignon, France<br \/>\n2025, F\u00e9v. 14 | <a href=\"https:\/\/sudburysymphony.com\/\" target=\"_blank\" rel=\"noopener noreferrer\">Sudbury Symphony Orchestra<\/a>, William Rowson | Place des Arts, Sudbury, ON, Canada<br \/>\n2025, F\u00e9v. 9 |\u00a0<a href=\"https:\/\/www.kingstonsymphony.ca\/\">Kingston Symphony<\/a>, Evan Mitchell | Isabel Bader Centre for the Performing Arts, Kingston, ON, Canada<br \/>\n2025, F\u00e9v. 8 |\u00a0<a href=\"https:\/\/www.albanysymphony.org\/\" target=\"_blank\" rel=\"noopener noreferrer\">Albany Symphony Orchestra<\/a>, Doublegate Country Club, Claire Hillard | Albany, NY, \u00c9tats-Unis<\/p>\n<p>2024, D\u00e9c. 8 | <a href=\"https:\/\/www.ribaupierre.ch\/\" target=\"_blank\" rel=\"noopener noreferrer\">Orchestre de Ribaupierre<\/a>, Maxime Pitois | Salle Paderewski &#8211; Casino de Montbenon, Lausanne, Suisse<br \/>\n2024, D\u00e9c. 6 | <a href=\"https:\/\/www.ribaupierre.ch\/\" target=\"_blank\" rel=\"noopener noreferrer\">Orchestre de Ribaupierre<\/a>, Maxime Pitois | Salle Del Castillo \u00e0 Vevey, Suisse<br \/>\n2024, Nov. 16 |\u00a0<a href=\"https:\/\/www.harvardpops.com\/\" target=\"_blank\" rel=\"noopener noreferrer\">Harvard Pops Orchestra<\/a>, Allen Feinstein | Harvard\u2019s Lowell Lecture Hall, Cambridge, MA, \u00c9tats-Unis<br \/>\n2024, Ao\u00fbt 2 | <a href=\"https:\/\/www.ags.school.nz\/at-grammar\/the-arts-and-cultural-activities\/music\/play-music\/\" target=\"_blank\" rel=\"noopener noreferrer\">Auckland Grammar School Symphony Orchestra<\/a> | Holy Trinity Cathedral, Auckland, Nouvelle Z\u00e9lande<br \/>\n2024, Ao\u00fbt 1 |\u00a0<a href=\"https:\/\/www.ags.school.nz\/at-grammar\/the-arts-and-cultural-activities\/music\/play-music\/\" target=\"_blank\" rel=\"noopener noreferrer\">Auckland Grammar School Symphony Orchestra<\/a>\u00a0| Auckland Grammar School Centennial Theatre, Auckland, Nouvelle Z\u00e9lande<br \/>\n2024, Juil. 19 | Orchestre de l\u2019<a href=\"https:\/\/www.academiaclaudebrendel.com\/\" target=\"_blank\" rel=\"noopener noreferrer\">Academia Claud Brendel<\/a>, Claude Brendel | Th\u00e9\u00e2tre Galp\u00e3o de l\u2019Espace culturel Renato Russo, Brasilia, Br\u00e9sil<br \/>\n2024, Juil. 13 | <a href=\"https:\/\/www.sso.org.sg\/\" target=\"_blank\" rel=\"noopener noreferrer\">Singapore Symphony Orchestra<\/a>, Rodolfo Barr\u00e1ez | Singapore Botanic Gardens, Shaw Foundation Symphony Stage, Singapour<br \/>\n2024, Juil. 12 | <a href=\"https:\/\/www.sso.org.sg\/\" target=\"_blank\" rel=\"noopener noreferrer\">Singapore Symphony Orchestra<\/a>, Rodolfo Barr\u00e1ez | Victoria Concert Hall, Singapour<br \/>\n2024, Juil. 10 | <a href=\"https:\/\/www.sso.org.sg\/\" target=\"_blank\" rel=\"noopener noreferrer\">Singapore Symphony Orchestra<\/a>, Rodolfo Barr\u00e1ez | Paya Lebar Methodist Girls\u2019 School, Singapour<br \/>\n2024, Avr. 14 | <a href=\"https:\/\/www.kammerorchesterkloten.ch\/\" target=\"_blank\" rel=\"noopener noreferrer\">Kammerochestrer Kloten<\/a>,\u00a0<a href=\"http:\/\/francoisgirardgarcia.com\/\" target=\"_blank\" rel=\"noopener noreferrer\">Fran\u00e7ois Girard-Garcia<\/a>\u00a0| \u00c9glise catholique de Kloten, Kloten, Suisse<br \/>\n2024, Avr. 13 |\u00a0<a href=\"https:\/\/www.kammerorchesterkloten.ch\/\" target=\"_blank\" rel=\"noopener noreferrer\">Kammerochestrer Kloten<\/a>,\u00a0<a href=\"http:\/\/francoisgirardgarcia.com\/\" target=\"_blank\" rel=\"noopener noreferrer\">Fran\u00e7ois Girard-Garcia<\/a> | \u00c9glise protestante de Seinmaur, Steinmaur, Suisse<br \/>\n2024, Mar. 20 | <a href=\"https:\/\/www.osq.org\/\" target=\"_blank\" rel=\"noopener noreferrer\">Orchestre symphonique de Qu\u00e9bec<\/a>\u00a0| Salle Albert Rousseau, Sainte-Foye, QC, Canada<br \/>\n2024, Mar. 1 | <a href=\"https:\/\/tbso.ca\/\" target=\"_blank\" rel=\"noopener noreferrer\">Thunder Bay Symphony Orchestra<\/a>, Evan Mitchell | Italian Cultural Centre, Thunder Bay, ON, Canada<br \/>\n2024, F\u00e9v. 17 | <a href=\"https:\/\/newtxsinfonia.com\/\" target=\"_blank\" rel=\"noopener noreferrer\">New Texas Sinfonia<\/a>, Weston Jennings | First Presbyterian Church, Tyler, TX, \u00c9tats-Unis<br \/>\n2024, F\u00e9v. 16 | <a href=\"https:\/\/newtxsinfonia.com\/\" target=\"_blank\" rel=\"noopener noreferrer\">New Texas Sinfonia<\/a>, Weston Jennings | First Presbyterian Church, Tyler, TX, \u00c9tats-Unis<br \/>\n2024, F\u00e9v. 15 | <a href=\"https:\/\/mtsymphony.org\/\" target=\"_blank\" rel=\"noopener noreferrer\">Mid-Texas Symphony<\/a>, <a href=\"https:\/\/akikofujimoto.com\/\" target=\"_blank\" rel=\"noopener noreferrer\">Akiko Fujimoto<\/a> | New Braunfels Civic\/Convention Center, New Braunfels, TX, \u00c9tats-Unis<br \/>\n2024, F\u00e9v. 13 | <a href=\"https:\/\/orchestre.ca\/\" target=\"_blank\" rel=\"noopener noreferrer\">Orchestre classique de Montr\u00e9al<\/a>\u00a0| Salle Picasso, H\u00f4tel Sofitel, Montr\u00e9al, QC, Canada<\/p>\n<p>2023, D\u00e9c. 22 | <a href=\"https:\/\/www.macon.fr\/vivre-et-bouger-a-macon\/culture\/lorchestre-symphonique-de-macon\" target=\"_blank\" rel=\"noopener noreferrer\">Orchestre Symphonique de M\u00e2con<\/a>, <a href=\"https:\/\/david.hurpeau.com\/\" target=\"_blank\" rel=\"noopener noreferrer\">David Hurpeau<\/a> | \u00c9glise Saint-Vincent, M\u00e2con, France<br \/>\n2023, D\u00e9c. 21 | <a href=\"https:\/\/www.macon.fr\/vivre-et-bouger-a-macon\/culture\/lorchestre-symphonique-de-macon\" target=\"_blank\" rel=\"noopener noreferrer\">Orchestre Symphonique de M\u00e2con<\/a>, <a href=\"https:\/\/david.hurpeau.com\/\" target=\"_blank\" rel=\"noopener noreferrer\">David Hurpeau<\/a> | \u00c9glise Saint-Vincent, M\u00e2con, France<br \/>\n2023, D\u00e9c. 2 | <a href=\"https:\/\/www.intersectionmusic.org\/\" target=\"_blank\" rel=\"noopener noreferrer\">Intersection<\/a>,\u00a0<a href=\"https:\/\/www.kellycorcoran.net\/\" target=\"_blank\" rel=\"noopener noreferrer\">Kelly Corcoran<\/a> | Green Door Gourmet, Nashville, TN, \u00c9tats Unis<br \/>\n2023, D\u00e9c. 1 | <a href=\"https:\/\/www.oprl.be\/fr\" target=\"_blank\" rel=\"noopener noreferrer\">Orchestre Philharmonique Royal de Li\u00e8ge<\/a>, <a href=\"https:\/\/www.jonas-ehrler.ch\/index.php\/en\/vita-en\" target=\"_blank\" rel=\"noopener noreferrer\">Jonas Ehrler<\/a> | \u00c9cole communale \u00e0 Dolembreux, Belgique<br \/>\n2023, Nov. 30 | <a href=\"https:\/\/www.oprl.be\/fr\" target=\"_blank\" rel=\"noopener noreferrer\">Orchestre Philharmonique Royal de Li\u00e8ge<\/a>, <a href=\"https:\/\/www.jonas-ehrler.ch\/index.php\/en\/vita-en\" target=\"_blank\" rel=\"noopener noreferrer\">Jonas Ehrler<\/a> | \u00c9cole Saint-Joseph \u00e0 Herve, Belgique<br \/>\n2023, Nov. 29 | <a href=\"https:\/\/www.oprl.be\/fr\" target=\"_blank\" rel=\"noopener noreferrer\">Orchestre Philharmonique Royal de Li\u00e8ge<\/a>, <a href=\"https:\/\/www.jonas-ehrler.ch\/index.php\/en\/vita-en\" target=\"_blank\" rel=\"noopener noreferrer\">Jonas Ehrler<\/a> | Salle La Bodega \u00e0 Comblain-au-Pont, Belgique<br \/>\n2023, Nov. 28 | <a href=\"https:\/\/www.oprl.be\/fr\" target=\"_blank\" rel=\"noopener noreferrer\">Orchestre Philharmonique Royal de Li\u00e8ge<\/a>, <a href=\"https:\/\/www.jonas-ehrler.ch\/index.php\/en\/vita-en\" target=\"_blank\" rel=\"noopener noreferrer\">Jonas Ehrler<\/a> | AR Agri \u00e0 Saint-Georges-sur-Meuse, Belgique<br \/>\n2023, Oct. 8 | <a href=\"https:\/\/www.intersectionmusic.org\/\" target=\"_blank\" rel=\"noopener noreferrer\">Intersection<\/a>,\u00a0<a href=\"https:\/\/www.kellycorcoran.net\/\" target=\"_blank\" rel=\"noopener noreferrer\">Kelly Corcoran<\/a> | 21c Museum Hotel, Louisville, KY, \u00c9tats Unis<\/p>\n<p>2022, Juin 5 | <a href=\"https:\/\/calgaryphil.com\/\" target=\"_blank\" rel=\"noopener noreferrer\">Calgary Philharmonic Orchestra<\/a> | Jack Singer Concert Hall, Calgary, AB, Canada (concert en ligne)<br \/>\n2022, Mar. 6 | <a href=\"https:\/\/pasadenaphilharmonic.com\/\" target=\"_blank\" rel=\"noopener noreferrer\">Pasadena Philharmonic<\/a>, James Park | San Jacinto College Central \u2013 Slocomb Auditorium, Pasadena, TX, \u00c9tats-Unis<br \/>\n2022, F\u00e9v. 5 | <a href=\"https:\/\/www.lkldsymphony.org\/\" target=\"_blank\" rel=\"noopener noreferrer\">Lakeland Symphony Orchestra<\/a> String Quartet | Ritz, Winter Haven, FL, \u00c9tats-Unis<\/p>\n<p>2021, Dec. 31 |\u00a0<a href=\"https:\/\/www.charlottesymphony.org\/\" target=\"_blank\" rel=\"noopener noreferrer\">Charlotte Symphony Orchestra<\/a>,\u00a0<a href=\"https:\/\/www.christopherjameslees.com\/\" target=\"_blank\" rel=\"noopener noreferrer\">Christopher James Lees<\/a> | Belk Theater, Charlotte, NC, \u00c9tats-Unis<br \/>\n2021, D\u00e9c. 11 |\u00a0<a href=\"https:\/\/www.boulderchamberorchestra.com\/\" target=\"_blank\" rel=\"noopener noreferrer\">Boulder Chamber Orchestra<\/a>, Bahman Saless | Boulder Seventh-Day Adventist Church, NV, \u00c9tats-Unis<br \/>\n2021, Nov. 21 | <a href=\"https:\/\/orchestreserenade.weebly.com\/\" target=\"_blank\" rel=\"noopener noreferrer\">Orchestre de Chambre S\u00e9r\u00e9nade<\/a>, Philippe M\u00e9nard | \u00c9glise Saint-\u00c9douard, Montreal, QC, Canada<br \/>\n2021, Sept. 22 |\u00a0<a href=\"https:\/\/www.aarhussymfoni.dk\/\" target=\"_blank\" rel=\"noopener noreferrer\">Aarhus Symphony Orchestra<\/a>, <a href=\"https:\/\/www.nathanael-iselin.com\/\" target=\"_blank\" rel=\"noopener noreferrer\">Nathana\u00ebl Iselin<\/a> | Symphonic Hall, Musikhuset Aarhus, Danmark<\/p>\n<p>2020, D\u00e9c. 8 |\u00a0<a href=\"https:\/\/imperialsymphony.org\/\" target=\"_blank\" rel=\"noopener noreferrer\">Imperial Symphony Orchestra<\/a>\u00a0|\u00a0<a href=\"https:\/\/imperialsymphony.org\/live\/\" target=\"_blank\" rel=\"noopener noreferrer\">Concert en ligne<\/a><br \/>\n2020, Oct. 26 \u00e0 Nov. 1 | <a href=\"https:\/\/www.tso.ca\/\" target=\"_blank\" rel=\"noopener noreferrer\">Toronto Symphony Orchestra<\/a>,\u00a0<a href=\"https:\/\/www.danielbartholomewpoyser.com\/\" target=\"_blank\" rel=\"noopener noreferrer\">Daniel Bartholomew-Poyser<\/a> | Concert en ligne<br \/>\n2020, Oct. 3 \u00e0 D\u00e9c. 31 | <a href=\"http:\/\/www.windsorsymphony.com\/\" target=\"_blank\" rel=\"noopener noreferrer\">Windsor Symphony Orchestra<\/a>,\u00a0<a href=\"https:\/\/www.robertfranz.com\/\" target=\"_blank\" rel=\"noopener noreferrer\">Robert Franz<\/a>\u00a0|\u00a0Concert en ligne<br \/>\n2020, Mar. 14 |\u00a0<a href=\"https:\/\/www.oprl.be\/\" target=\"_blank\" rel=\"noopener noreferrer\">Orchestre Philharmonique Royal de Li\u00e8ge<\/a>,\u00a0<a href=\"https:\/\/www.jonas-ehrler.ch\/\" target=\"_blank\" rel=\"noopener noreferrer\">Jonas Ehrler<\/a>\u00a0| Li\u00e8ge, Belgique<br \/>\n2020,\u00a0Mar. 13 |\u00a0<a href=\"https:\/\/www.oprl.be\/\" target=\"_blank\" rel=\"noopener noreferrer\">Orchestre Philharmonique Royal de Li\u00e8ge<\/a>,\u00a0<a href=\"https:\/\/www.jonas-ehrler.ch\/\" target=\"_blank\" rel=\"noopener noreferrer\">Jonas Ehrler<\/a>\u00a0| Li\u00e8ge, Belgique<br \/>\n2020,\u00a0Mar. 12 |\u00a0<a href=\"https:\/\/www.oprl.be\/\" target=\"_blank\" rel=\"noopener noreferrer\">Orchestre Philharmonique Royal de Li\u00e8ge<\/a>,\u00a0<a href=\"https:\/\/www.jonas-ehrler.ch\/\" target=\"_blank\" rel=\"noopener noreferrer\">Jonas Ehrler<\/a>\u00a0| Welkenraedt, Belgique<br \/>\n2020,\u00a0Mar. 11 |\u00a0<a href=\"https:\/\/www.oprl.be\/\" target=\"_blank\" rel=\"noopener noreferrer\">Orchestre Philharmonique Royal de Li\u00e8ge<\/a>,\u00a0<a href=\"https:\/\/www.jonas-ehrler.ch\/\" target=\"_blank\" rel=\"noopener noreferrer\">Jonas Ehrler<\/a>\u00a0| Li\u00e8ge, Belgique<br \/>\n2020,\u00a0Mar. 10 |\u00a0<a href=\"https:\/\/www.oprl.be\/\" target=\"_blank\" rel=\"noopener noreferrer\">Orchestre Philharmonique Royal de Li\u00e8ge<\/a>,\u00a0<a href=\"https:\/\/www.jonas-ehrler.ch\/\" target=\"_blank\" rel=\"noopener noreferrer\">Jonas Ehrler<\/a>\u00a0| Ohey, Belgique<\/p>\n<p>2019, D\u00e9c. 31 |\u00a0<a href=\"http:\/\/www.bhsymphony.org\/\" target=\"_blank\" rel=\"noopener noreferrer\">Black Hills Symphony Orchestra<\/a>, Bruce Knowles |\u00a0Performing Arts Center, Rapid City, SD,\u00a0\u00c9tats Unis<br \/>\n2019, D\u00e9c. 8 |\u00a0<a href=\"https:\/\/harmoniedechenove.fr\/\" target=\"_blank\" rel=\"noopener noreferrer\">Orchestre d\u2019harmonie de Chen\u00f4ve<\/a>, Maxime Pitois |\u00a0C\u00e8dre \u00e0 Chen\u00f4ve, Bourgogne, France<br \/>\n2019, D\u00e9c. 7 |\u00a0<a href=\"https:\/\/harmoniedechenove.fr\/\" target=\"_blank\" rel=\"noopener noreferrer\">Orchestre d\u2019harmonie de Chen\u00f4ve<\/a>, Maxime Pitois |\u00a0C\u00e8dre \u00e0 Chen\u00f4ve, Bourgogne, France<br \/>\n2019, Nov. 3 |\u00a0<a href=\"https:\/\/esn-ne.ch\/\" target=\"_blank\" rel=\"noopener noreferrer\">Ensemble Symphonique Neuch\u00e2tel<\/a>,\u00a0Benjamin Levy | Th\u00e9\u00e2tre du Passage, Neuch\u00e2tel, Suisse<a href=\"http:\/\/maximegoulet.com\/fr\/chocolats-symphoniques\/\"><br \/>\n<\/a>2019,\u00a0Oct. 5 |\u00a0<a href=\"https:\/\/www.enigmamusic.org.uk\/\" target=\"_blank\" rel=\"noopener noreferrer\">Enigma Orchestra<\/a>, Rupert Bond |\u00a0St Christopher\u2019s Church, Hinchley Wood, Esher, Royaume-Uni<a href=\"http:\/\/maximegoulet.com\/fr\/presentation-concertante\/\"><br \/>\n<\/a>2019,\u00a0Ao\u00fbt 22 |\u00a0<a href=\"https:\/\/www.tahoemusic.org\/\" target=\"_blank\" rel=\"noopener noreferrer\">Tahoe\u00a0Academy Orchestra<\/a>, Timm Rolek |\u00a0West Shore Caf\u00e9,\u00a0Homewood, CA,\u00a0\u00c9tats-Unis<br \/>\n2019,\u00a0Juin 9 |\u00a0<a href=\"https:\/\/orchestreserenade.weebly.com\/\" target=\"_blank\" rel=\"noopener noreferrer\">Orchestre Serenade<\/a>, Philippe M\u00e9nard | Le Minist\u00e8re, Montr\u00e9al, QC, Canada<br \/>\n2019, Mai 8 |\u00a0<a href=\"https:\/\/www.oprl.be\/fr\" target=\"_blank\" rel=\"noopener noreferrer\">Orchestre Philharmonique Royal de Li\u00e8ge<\/a>,\u00a0<a href=\"http:\/\/www.jeanpierrehaeck.com\/\" target=\"_blank\" rel=\"noopener noreferrer\">Jean-Pierre Haeck<\/a>\u00a0| Salle Philharmonique,\u00a0Li\u00e8ge, Belgique<br \/>\n2019,\u00a0Avr. 21 |\u00a0<a href=\"https:\/\/www.facebook.com\/groups\/302715576536099\/\" target=\"_blank\" rel=\"noopener noreferrer\">B-A-C-H Chamber Ensemble, The Soloists of Russia<\/a>\u00a0|\u00a0Museum of Ekaterinburg History,\u00a0Ekaterinburg, Russie<br \/>\n2019, F\u00e9v. 23 |\u00a0<a href=\"https:\/\/kwsymphony.ca\/concerts\/pops-paints\/\" target=\"_blank\" rel=\"noopener noreferrer\">Kitchener-Waterloo Symphony<\/a>,\u00a0<a href=\"http:\/\/www.lucaswaldin.ca\/\" target=\"_blank\" rel=\"noopener noreferrer\">Lucas Waldin<\/a>\u00a0| Centre In The Square,\u00a0Kitchener, ON, Canada<br \/>\n2019, F\u00e9v. 22 |\u00a0<a href=\"https:\/\/kwsymphony.ca\/concerts\/pops-paints\/\" target=\"_blank\" rel=\"noopener noreferrer\">Kitchener-Waterloo Symphony<\/a>,\u00a0<a href=\"http:\/\/www.lucaswaldin.ca\/\" target=\"_blank\" rel=\"noopener noreferrer\">Lucas Waldin<\/a>\u00a0| Centre In The Square, Kitchener, ON, Canada<br \/>\n2019, Jan. 27 |\u00a0<a href=\"https:\/\/www.ocf.ch\/\" target=\"_blank\" rel=\"noopener noreferrer\">Orchestre de chambre fribourgeois<\/a>\u00a0| Mus\u00e9e d\u2019art et d\u2019histoire Lapidaire, Gen\u00e8ve, Suisse<\/p>\n<p>2018, Nov. 1\u00a0|\u00a0<a href=\"http:\/\/www.fameq.org\/\" target=\"_blank\" rel=\"noopener noreferrer\">Orchestre de la FAMEQ<\/a>, Am\u00e9lie Bois | Salle Henri Gagnon,\u00a0pavillon Casault, Universit\u00e9 Laval, Quebec, QC, Canada<a href=\"http:\/\/maximegoulet.com\/fr\/chocolats-symphoniques\/\"><br \/>\n<\/a>2018, Juin 14 |\u00a0Chameleon Chamber Ensemble,\u00a0<a href=\"http:\/\/imrf.info\/wp_imrf\/\" target=\"_blank\" rel=\"noopener noreferrer\">International Multisensory Research Forum<\/a>\u00a0| University of Toronto, ON, Canada<br \/>\n2018, Mai 20 |\u00a0<a href=\"http:\/\/www.parkwayconcertorchestra.org\/\" target=\"_blank\" rel=\"noopener noreferrer\">Parkway Concert Orchestra<\/a>,\u00a0<a href=\"http:\/\/www.genevieveleclair.com\/\" target=\"_blank\" rel=\"noopener noreferrer\">Genevi\u00e8ve Leclair<\/a>\u00a0|\u00a0Saint Susanna Parish, Dedham, MA, \u00c9tats-Unis<br \/>\n2018,\u00a0Mar. 24 | <a href=\"http:\/\/ossherbrooke.com\/\" target=\"_blank\" rel=\"noopener noreferrer\">Orchestre symphonique de Sherbrooke<\/a>, Stephane Laforest\u00a0| Sherbrooke, QC, Canada<br \/>\n2018,\u00a0Mar. 4 | <a href=\"http:\/\/www.parkwayconcertorchestra.org\/\" target=\"_blank\" rel=\"noopener noreferrer\">Parkway Concert Orchestra<\/a>, <a href=\"http:\/\/www.genevieveleclair.com\/\" target=\"_blank\" rel=\"noopener noreferrer\">Genevi\u00e8ve Leclair<\/a>\u00a0| Holy Name Upper Church Parish, West Roxbury, MA,\u00a0\u00c9tats-Unis<br \/>\n2018, Fev. 13 | <a href=\"http:\/\/vpa.syr.edu\/calendar\/day\/2018\/02\/13\" target=\"_blank\" rel=\"noopener noreferrer\">Syracuse University Symphony Orchestra<\/a>\u00a0| Setnor Auditorium, Syracuse University, Syracuse, New York, \u00c9tats-Unis<\/p>\n<p>2017,\u00a0Nov. 19 |\u00a0<a href=\"http:\/\/rocohouston.org\/\" target=\"_blank\" rel=\"noopener noreferrer\">River Oaks Chamber Orchestra<\/a>\u00a0|\u00a0Midtown Arts &amp; Theater Center Houston, Houston, TX, \u00c9tats-Unis<br \/>\n2017,\u00a0Oct. 29 | <a href=\"http:\/\/conwaysymphony.org\/\" target=\"_blank\" rel=\"noopener noreferrer\">Conway Symphony Orchestra<\/a>, Israel Getzov\u00a0| Reynolds Performance Hall, Conway, Arkansas, \u00c9tats-Unis<br \/>\n2017,\u00a0Oct. 25 |\u00a0<a href=\"http:\/\/tbso.ca\/events\/symphony-virgins\/\" target=\"_blank\" rel=\"noopener noreferrer\">Thunder Bay Symphony Orchestra<\/a>, Simon Rivard\u00a0| Italian Cultural Centre, ON, Canada<br \/>\n2017,\u00a0Ao\u00fbt 26 |\u00a0<a href=\"http:\/\/www.orchestras.org.nz\/\" target=\"_blank\" rel=\"noopener noreferrer\">OCTavo<\/a>\u00a0| Meteor Theatre, Hamilton,\u00a0Nouvelle-Z\u00e9lande<br \/>\n2017,\u00a0Ao\u00fbt 4 | <a href=\"https:\/\/nationalacademyorchestra.com\/\" target=\"_blank\" rel=\"noopener noreferrer\">National Academy Orchestra of Canada<\/a>, Boris Brott |\u00a0Koerner Hall, Toronto, ON, Canada<br \/>\n2017,\u00a0Juil. 23 | <a href=\"http:\/\/campmusical.com\/\" target=\"_blank\" rel=\"noopener noreferrer\">Orchestre Gens du Pays<\/a>, Am\u00e9lie Bois | <a href=\"http:\/\/www.eurochestries.org\/fr\/\" target=\"_blank\" rel=\"noopener noreferrer\">Eurochesterie<\/a>, Auditorio do Campus Muscambinho, Sobral,\u00a0Br\u00e9sil<br \/>\n2017,\u00a0Juil. 22\u00a0 | <a href=\"http:\/\/campmusical.com\/\" target=\"_blank\" rel=\"noopener noreferrer\">Orchestre Gens du Pays<\/a>, Am\u00e9lie Bois | <a href=\"http:\/\/www.eurochestries.org\/fr\/\" target=\"_blank\" rel=\"noopener noreferrer\">Eurochesterie<\/a>, Theatro S\u00e3o Jo\u00e3o, Sobral,\u00a0Br\u00e9sil<br \/>\n2017,\u00a0Juil. 20 | <a href=\"http:\/\/campmusical.com\/\" target=\"_blank\" rel=\"noopener noreferrer\">Orchestre Gens du Pays<\/a>, Am\u00e9lie Bois | <a href=\"http:\/\/www.eurochestries.org\/fr\/\" target=\"_blank\" rel=\"noopener noreferrer\">Eurochesterie<\/a>, Igreja de Taperuaba, Sobral, Br\u00e9sil<br \/>\n2017,\u00a0Juil. 18 | <a href=\"http:\/\/campmusical.com\/\" target=\"_blank\" rel=\"noopener noreferrer\">Orchestre Gens du Pays<\/a>, Am\u00e9lie Bois | <a href=\"http:\/\/www.eurochestries.org\/fr\/\" target=\"_blank\" rel=\"noopener noreferrer\">Eurochesterie<\/a>, Igreja do Jordao, Sobral, Br\u00e9sil<br \/>\n2017,\u00a0Juil. 17 | <a href=\"http:\/\/campmusical.com\/\" target=\"_blank\" rel=\"noopener noreferrer\">Orchestre Gens du Pays<\/a>, Am\u00e9lie Bois | <a href=\"http:\/\/www.eurochestries.org\/fr\/\" target=\"_blank\" rel=\"noopener noreferrer\">Eurochesterie<\/a>, North Shopping, Sobral,\u00a0Br\u00e9sil<br \/>\n2017,\u00a0Mai 6 |\u00a0<a href=\"http:\/\/campmusical.com\/\" target=\"_blank\" rel=\"noopener noreferrer\">Orchestre Gens du Pays<\/a>\u00a0| Salle Andr\u00e9 Gagnon, Universit\u00e9 Laval, Sainte-Foy, QC, Canada<br \/>\n2017,\u00a0Avr. 9 |\u00a0<a href=\"http:\/\/www.orchestrenormandie.com\/\" target=\"_blank\" rel=\"noopener noreferrer\">Orchestre R\u00e9gional de Normandie<\/a>, Jean-Pierre Haeck |\u00a0La Sall\u2019In, Cabourg &#8211; 14, Normandie, France<br \/>\n2017,\u00a0Avr. 8 |\u00a0<a href=\"http:\/\/www.orchestrenormandie.com\/\" target=\"_blank\" rel=\"noopener noreferrer\">Orchestre R\u00e9gional de Normandie<\/a>, Jean-Pierre Haeck | Salle des f\u00eates, Villedieu les Po\u00ebles &#8211; 50, Normandie, France<br \/>\n2017,\u00a0Avr. 7 |\u00a0<a href=\"http:\/\/www.orchestrenormandie.com\/\" target=\"_blank\" rel=\"noopener noreferrer\">Orchestre R\u00e9gional de Normandie<\/a>, Jean-Pierre Haeck | La Renaissance, Mondeville &#8211; 14, Normandie, France<br \/>\n2017,\u00a0Avr. 4 |\u00a0<a href=\"http:\/\/www.orchestrenormandie.com\/\" target=\"_blank\" rel=\"noopener noreferrer\">Orchestre R\u00e9gional de Normandie<\/a>, Jean-Pierre Haeck | Th\u00e9\u00e2tre de l\u2019Arsenal, Val de Reuil &#8211; 27, Normandie, France<br \/>\n2017,\u00a0Avr. 2 |\u00a0<a href=\"http:\/\/www.orchestrenormandie.com\/\" target=\"_blank\" rel=\"noopener noreferrer\">Orchestre R\u00e9gional de Normandie<\/a>, Jean-Pierre Haeck | Le Rex, Saint-Hilaire du Harcou\u00ebt &#8211; 50, Normandie, France<br \/>\n2017,\u00a0Avr. 1 | <a href=\"http:\/\/www.orchestrenormandie.com\/\" target=\"_blank\" rel=\"noopener noreferrer\">Orchestre R\u00e9gional de Normandie<\/a>, Jean-Pierre Haeck | Abbaye, Saint-Sauveur Le Vicomte &#8211; 50, Normandie, France<br \/>\n2017,\u00a0Mars 30 |\u00a0<a href=\"http:\/\/www.orchestrenormandie.com\/\" target=\"_blank\" rel=\"noopener noreferrer\">Orchestre R\u00e9gional de Normandie<\/a>\u00a0|\u00a0Coll\u00e8ge Fontenelle, Rouen-76, Normandie, France<br \/>\n2017,\u00a0Mars 29 |\u00a0<a href=\"http:\/\/erreurdetype27.com\/\">Erreur de type 27<\/a>\u00a0|\u00a0Pavillon Pierre Lassonde du MNBAQ, Qu\u00e9bec, QC, Canada<br \/>\n2017,\u00a0Mars 19 | <a href=\"http:\/\/www.sinfonia-lanaudiere.org\/\" target=\"_blank\" rel=\"noopener noreferrer\">Sinfonia de Lanaudi\u00e8re<\/a>, <a href=\"http:\/\/www.stephanelaforest.com\/\" target=\"_blank\" rel=\"noopener noreferrer\">St\u00e9phane Laforest<\/a>\u00a0| Th\u00e9\u00e2tre Hector-Charland, L&rsquo;Assomption, QC, Canada<br \/>\n2017,\u00a0Mars 16 |\u00a0<a href=\"http:\/\/ottawasuzukistrings.ca\/registration\/stellae-boreales\/\">Stellae Boreales<\/a>\u00a0| Solon Dorado, Teatro Colon, Buenos Aires, Argentine<br \/>\n2017,\u00a0Mars 15 | <a href=\"http:\/\/www.osq.org\/\" target=\"_blank\" rel=\"noopener noreferrer\">Quebec Symphony Orchestra<\/a>, Kalle Kuusava | Grand Th\u00e9\u00e2tre de Qu\u00e9bec, Quebec, QC, Canada<br \/>\n2017,\u00a0Mars 15 |\u00a0<a href=\"http:\/\/ottawasuzukistrings.ca\/registration\/stellae-boreales\/\">Stellae Boreales<\/a>\u00a0|\u00a0Museo De Arte Hispanoamericano Isaac Fenandez Blanco, Buenos Aires, Argentine<br \/>\n2017,\u00a0Mars 15 |\u00a0<a href=\"http:\/\/ottawasuzukistrings.ca\/registration\/stellae-boreales\/\">Stellae Boreales<\/a>\u00a0|\u00a0Lincoln International School, Buenos Aires, Argentine<br \/>\n2017,\u00a0Mars 13 |\u00a0<a href=\"http:\/\/ottawasuzukistrings.ca\/registration\/stellae-boreales\/\">Stellae Boreales<\/a>\u00a0|\u00a0Tigre School, Buenos Aires, Argentine<br \/>\n2017,\u00a0Mars 13 |\u00a0<a href=\"http:\/\/ottawasuzukistrings.ca\/registration\/stellae-boreales\/\">Stellae Boreales<\/a>\u00a0|\u00a0Northlands School, Buenos Aires, Argentine<br \/>\n2017,\u00a0Mars 11 | <a href=\"http:\/\/ottawasuzukistrings.ca\/registration\/stellae-boreales\/\">Stellae Boreales<\/a>\u00a0| Villa Casa Central, Buenos Aires, Argentine<br \/>\n2017,\u00a0Mars 5 | <a href=\"http:\/\/www.sinfonia-lanaudiere.org\/\" target=\"_blank\" rel=\"noopener noreferrer\">Sinfonia de Lanaudi\u00e8re<\/a>, <a href=\"http:\/\/www.stephanelaforest.com\/\" target=\"_blank\" rel=\"noopener noreferrer\">St\u00e9phane Laforest<\/a>\u00a0| Th\u00e9\u00e2tre du Vieux-Terrebonne,Terrebonne, QC, Canada<br \/>\n2017,\u00a0Mars 4 | <a href=\"http:\/\/ottawasuzukistrings.ca\/registration\/stellae-boreales\/\">Stellae Boreales<\/a>\u00a0| Centre national des arts du Canada, Ottawa, ON, Canada<br \/>\n2017,\u00a0Fev. 25 | <a href=\"http:\/\/theiso.org\/\" target=\"_blank\" rel=\"noopener noreferrer\">International Symphony Orchestra<\/a>,\u00a0Douglas Bianchi |\u00a0Northern High School Performing Arts Center, Port Huron, ON, Canada<br \/>\n2017,\u00a0Fev. 24 |\u00a0<a href=\"http:\/\/theiso.org\/\" target=\"_blank\" rel=\"noopener noreferrer\">International Symphony Orchestra<\/a>,\u00a0Douglas Bianchi | Imperial Theatre, Sarnia, ON, Canada<\/p>\n<p>2016,\u00a0Juin 4 | Myriam Genest-Denis Trio | \u00c9glise Trinity United de Cookshire-Eaton, QC, Canada<br \/>\n2016,\u00a0Mai 15 | <a href=\"http:\/\/www.oakvillesymphony.com\/\" target=\"_blank\" rel=\"noopener noreferrer\">Oakville Symphony Orchestra<\/a>, Roberto De Clara | Oakville, ON, Canada<br \/>\n2016,\u00a0Mai 14 | <a href=\"http:\/\/www.oakvillesymphony.com\/\" target=\"_blank\" rel=\"noopener noreferrer\">Oakville Symphony Orchestra<\/a>, Roberto De Clara | Oakville, ON, Canada<br \/>\n2016,\u00a0Avr. 10 |\u00a0<a href=\"http:\/\/harmoniedeluzy.wix.com\/orchestre\" target=\"_blank\" rel=\"noopener noreferrer\">Orchestre d&rsquo;Harmonie de la Ville de Luzy<\/a>, Yann Bail | Cin\u00e9ma Le Select, Saint-Honor\u00e9-Les-Bains, France<br \/>\n2016,\u00a0Avr. 9 |\u00a0<a href=\"http:\/\/harmoniedeluzy.wix.com\/orchestre\" target=\"_blank\" rel=\"noopener noreferrer\">Orchestre d&rsquo;Harmonie de la Ville de Luzy<\/a>, Yann Bail | Salle Marcel Joyeux, Luzy, France<br \/>\n2016,\u00a0Fev. 28 | <a href=\"http:\/\/www.edmontonsymphony.com\/\" target=\"_blank\" rel=\"noopener noreferrer\">Edmonton Symphony Orchestra<\/a>,\u00a0William Eddins | Edmonton,\u00a0Enmax Hall, Winspear Centre<br \/>\n2016,\u00a0Fev. 21 | <a href=\"http:\/\/www.lorchestre.org\/\">Saguenay-Lac-Saint-Jean Symphonic Orchestra<\/a>,\u00a0Genevi\u00e8ve Leclair | Th\u00e9\u00e2tre Banque Nationale, Saguenay, QC, Canada<br \/>\n2016,\u00a0Fev. 13 | <a href=\"http:\/\/www.fountaininnsymphony.org\/\" target=\"_blank\" rel=\"noopener noreferrer\">Fountain Inn Symphony Orchestra<\/a>, Michael Moore\u00a0| Youth Center for Performing Arts, North Carolina,\u00a0\u00c9tats-Unis<br \/>\n2016,\u00a0Fev. 14 | <a href=\"http:\/\/ocm-mco.org\/\" target=\"_blank\" rel=\"noopener noreferrer\">McGill Chamber Orchestra<\/a>, Boris Brott | Picasso Hall of Sofitel, Montreal, QC, Canada<br \/>\n2016,\u00a0Fev. 11 |\u00a0<a href=\"http:\/\/esyo.org\/\" target=\"_blank\" rel=\"noopener noreferrer\">Empire State Youth Orchestras<\/a>,\u00a0David C. Beck |\u00a0Capital District, New York, \u00c9tats-Unis<\/p>\n<p>2015,\u00a0Sept. 13 | <a href=\"http:\/\/www.lancastersymphony.org\/\" target=\"_blank\" rel=\"noopener noreferrer\">Lancaster Symphony Orchestra<\/a>, Stephen Gunzenhauser | Lancaster, Pennsylvania, USA<br \/>\n2015,\u00a0Sept. 12 | <a href=\"http:\/\/www.lancastersymphony.org\/\" target=\"_blank\" rel=\"noopener noreferrer\">Lancaster Symphony Orchestra<\/a>, Stephen Gunzenhauser | Lancaster, Pennsylvania, USA<br \/>\n2015,\u00a0Ao\u00fbt. 1 | <a href=\"http:\/\/www.endlessmountain.net\/\" target=\"_blank\" rel=\"noopener noreferrer\">Endless Mountain Music Festival<\/a>, Stephen Gunzenhauser | Corning Museum of Glass, Corning, New York,\u00a0USA<br \/>\n2015,\u00a0Juil. 31 | <a href=\"http:\/\/www.endlessmountain.net\/\" target=\"_blank\" rel=\"noopener noreferrer\">Endless Mountain Music Festival<\/a>, Stephen Gunzenhauser | Mansfield University, Steadman Theatre, Mansfield, Pennsylvania, USA<br \/>\n2015,\u00a0Mai 25 |\u00a0<a href=\"https:\/\/www.saguenayquartet.com\/\" target=\"_blank\" rel=\"noopener noreferrer\">Quatuor Saguenay (Alcan)<\/a>\u00a0|\u00a0Quebec City<br \/>\n2015,\u00a0Avr. 12 |\u00a0<a href=\"https:\/\/www.saguenayquartet.com\/\" target=\"_blank\" rel=\"noopener noreferrer\">Quatuor Saguenay (Alcan)<\/a>\u00a0|\u00a0Sorel-Tracy<br \/>\n2015,\u00a0Avr. 11 |\u00a0<a href=\"https:\/\/www.saguenayquartet.com\/\" target=\"_blank\" rel=\"noopener noreferrer\">Quatuor Saguenay (Alcan)<\/a>\u00a0| Baie-du-Febvre<br \/>\n2015,\u00a0Avr. 9 |\u00a0<a href=\"https:\/\/www.saguenayquartet.com\/\" target=\"_blank\" rel=\"noopener noreferrer\">Quatuor Saguenay (Alcan)<\/a>\u00a0|\u00a0Montreal<br \/>\n2015,\u00a0Avr. 12 |\u00a0<a href=\"https:\/\/www.saguenayquartet.com\/\" target=\"_blank\" rel=\"noopener noreferrer\">Quatuor Saguenay (Alcan)<\/a>\u00a0|\u00a0Chicoutimi<br \/>\n2015,\u00a0Mars 30 |\u00a0<a href=\"https:\/\/www.saguenayquartet.com\/\" target=\"_blank\" rel=\"noopener noreferrer\">Quatuor Saguenay (Alcan)<\/a>\u00a0|\u00a0Montrel, Maison de la culture Frontenac<br \/>\n2015,\u00a0Mars 28 |\u00a0<a href=\"https:\/\/www.saguenayquartet.com\/\" target=\"_blank\" rel=\"noopener noreferrer\">Quatuor Saguenay (Alcan)<\/a>\u00a0|\u00a0B\u00e9cancour<br \/>\n2015,\u00a0Mars 27 |\u00a0<a href=\"https:\/\/www.saguenayquartet.com\/\" target=\"_blank\" rel=\"noopener noreferrer\">Quatuor Saguenay (Alcan)<\/a>\u00a0| Victoriaville<br \/>\n2015,\u00a0Fev. 14 | <a href=\"http:\/\/www.ocm-mco.org\/\" target=\"_blank\" rel=\"noopener noreferrer\">McGill Chamber Orchestra<\/a>, Boris Brott | Picasso Hall, Montreal<\/p>\n<p>2014,\u00a0Nov. 21 | <a href=\"http:\/\/opmem.org\/\" target=\"_blank\" rel=\"noopener noreferrer\">Orchestre philharmonique des musiciens de Montreal<\/a>, Philippe M\u00e9nard | Saint-Pierre-Claver\u2019s Church, Montreal<br \/>\n2014,\u00a0Mai 6 | <a href=\"https:\/\/ocm-mco.org\/\" target=\"_blank\" rel=\"noopener noreferrer\">McGill Chamber Orchestra<\/a>, Boris Brott | Bourgie Hall, Montreal<br \/>\n2014,\u00a0Fev. 14 | <a href=\"https:\/\/ocm-mco.org\/\" target=\"_blank\" rel=\"noopener noreferrer\">McGill Chamber Orchestra<\/a>, Boris Brott | Chagall-Monand Hall, Sofitel, Montreal<br \/>\n2014,\u00a0Fev. 1 | <a href=\"http:\/\/www.musa.cz\/filmharmonic-orchestra.htm\" target=\"_blank\" rel=\"noopener noreferrer\">Prague FILMharmonic Orchestra<\/a>, Adam Klemens | Chocolaterie Genevi\u00e8ve Grandbois<\/p>\n<p>2013,\u00a0Nov. 22 | <a href=\"http:\/\/govalor.com\/event\/valor-symphonics\/\" target=\"_blank\" rel=\"noopener noreferrer\">Valor Symphonics<\/a> | Parker Arts Center, Parker, Colorado, \u00c9tats-Unis<br \/>\n2013,\u00a0Juin 30| <a href=\"http:\/\/www.musa.cz\/filmharmonic-orchestra.htm\" target=\"_blank\" rel=\"noopener noreferrer\">Prague FILMharmonic Orchestra<\/a>, Adam Klemens | Dvo\u0159\u00e1k Hall, Rudolfinum, Prague<br \/>\n2013,\u00a0Mars 5 | <a href=\"https:\/\/www.edmontonsymphony.com\/\" target=\"_blank\" rel=\"noopener noreferrer\">Edmonton Symphony Orchestra<\/a> | Winspear Centre, Edmonton, Eddy Williams<\/p>\n<p>2012,\u00a0Ao\u00fbt 2 | <a href=\"https:\/\/nationalacademyorchestra.com\/\" target=\"_blank\" rel=\"noopener noreferrer\">National Academy Orchestra of Canada<\/a>, Boris Brott | Brott Music festival, Burlington (premi\u00e8re)[\/vc_column_text][\/vc_column][\/vc_row][vc_row row_type=\u00a0\u00bbrow\u00a0\u00bb use_row_as_full_screen_section=\u00a0\u00bbno\u00a0\u00bb type=\u00a0\u00bbfull_width\u00a0\u00bb text_align=\u00a0\u00bbleft\u00a0\u00bb background_animation=\u00a0\u00bbnone\u00a0\u00bb][vc_column][vc_empty_space height=\u00a0\u00bb64px\u00a0\u00bb][vc_separator type=\u00a0\u00bbnormal\u00a0\u00bb border_style=\u00a0\u00bb\u00a0\u00bb][vc_empty_space height=\u00a0\u00bb20px\u00a0\u00bb][\/vc_column][\/vc_row][vc_row row_type=\u00a0\u00bbrow\u00a0\u00bb use_row_as_full_screen_section=\u00a0\u00bbno\u00a0\u00bb type=\u00a0\u00bbfull_width\u00a0\u00bb text_align=\u00a0\u00bbleft\u00a0\u00bb background_animation=\u00a0\u00bbnone\u00a0\u00bb][vc_column width=\u00a0\u00bb1\/2&Prime;][vc_raw_html]JTNDZGl2JTIwaWQlM0QlMjJmYi1yb290JTIyJTNFJTNDJTJGZGl2JTNFJTBBJTNDc2NyaXB0JTNFJTI4ZnVuY3Rpb24lMjhkJTJDJTIwcyUyQyUyMGlkJTI5JTIwJTdCJTBBJTIwJTIwdmFyJTIwanMlMkMlMjBmanMlMjAlM0QlMjBkLmdldEVsZW1lbnRzQnlUYWdOYW1lJTI4cyUyOSU1QjAlNUQlM0IlMEElMjAlMjBpZiUyMCUyOGQuZ2V0RWxlbWVudEJ5SWQlMjhpZCUyOSUyOSUyMHJldHVybiUzQiUwQSUyMCUyMGpzJTIwJTNEJTIwZC5jcmVhdGVFbGVtZW50JTI4cyUyOSUzQiUyMGpzLmlkJTIwJTNEJTIwaWQlM0IlMEElMjAlMjBqcy5zcmMlMjAlM0QlMjAlMjIlMkYlMkZjb25uZWN0LmZhY2Vib29rLm5ldCUyRmVuX1VTJTJGc2RrLmpzJTIzeGZibWwlM0QxJTI2dmVyc2lvbiUzRHYyLjMlMjIlM0IlMEElMjAlMjBmanMucGFyZW50Tm9kZS5pbnNlcnRCZWZvcmUlMjhqcyUyQyUyMGZqcyUyOSUzQiUwQSU3RCUyOGRvY3VtZW50JTJDJTIwJTI3c2NyaXB0JTI3JTJDJTIwJTI3ZmFjZWJvb2stanNzZGslMjclMjklMjklM0IlM0MlMkZzY3JpcHQlM0UlMEElM0NkaXYlMjBjbGFzcyUzRCUyMmZiLXBhZ2UlMjIlMjBkYXRhLWhyZWYlM0QlMjJodHRwcyUzQSUyRiUyRnd3dy5mYWNlYm9vay5jb20lMkZjaG9jb2xhdHNzeW1waG9uaXF1ZXMlMjIlMjBkYXRhLWhpZGUtY292ZXIlM0QlMjJmYWxzZSUyMiUyMGRhdGEtc2hvdy1mYWNlcGlsZSUzRCUyMnRydWUlMjIlMjBkYXRhLXNob3ctcG9zdHMlM0QlMjJmYWxzZSUyMiUzRSUzQyUyRmRpdiUzRQ==[\/vc_raw_html][\/vc_column][vc_column width=\u00a0\u00bb1\/2&Prime;][\/vc_column][\/vc_row][vc_row row_type=\u00a0\u00bbrow\u00a0\u00bb use_row_as_full_screen_section=\u00a0\u00bbno\u00a0\u00bb type=\u00a0\u00bbfull_width\u00a0\u00bb text_align=\u00a0\u00bbleft\u00a0\u00bb background_animation=\u00a0\u00bbnone\u00a0\u00bb][vc_column][vc_empty_space height=\u00a0\u00bb20px\u00a0\u00bb][vc_column_text]<a href=\"\/fr\/musique-classique\/\"><em><strong>&lt;&lt; Retourner \u00e0 la page principale de Musique classique <\/strong><\/em><\/a>[\/vc_column_text][\/vc_column][\/vc_row]\n","protected":false},"excerpt":{"rendered":"<p>[vc_row row_type=\u00a0\u00bbrow\u00a0\u00bb use_row_as_full_screen_section=\u00a0\u00bbno\u00a0\u00bb type=\u00a0\u00bbfull_width\u00a0\u00bb text_align=\u00a0\u00bbleft\u00a0\u00bb background_animation=\u00a0\u00bbnone\u00a0\u00bb][vc_column][vc_column_text] Suite orchestrale en quatre saveurs [\/vc_column_text][vc_empty_space][\/vc_column][\/vc_row][vc_row row_type=\u00a0\u00bbrow\u00a0\u00bb use_row_as_full_screen_section=\u00a0\u00bbno\u00a0\u00bb type=\u00a0\u00bbfull_width\u00a0\u00bb text_align=\u00a0\u00bbleft\u00a0\u00bb background_animation=\u00a0\u00bbnone\u00a0\u00bb][vc_column width=\u00a0\u00bb2\/3&Prime;][vc_video link=\u00a0\u00bbhttps:\/\/www.youtube.com\/watch?v=XsKeHRvT4fo\u00a0\u00bb][vc_column_text][\/vc_column_text][\/vc_column][vc_column width=\u00a0\u00bb1\/3&Prime;][vc_column_text css=\u00a0\u00bb.vc_custom_1515121622541{padding-top: 5px !important;padding-right: 10px !important;padding-bottom: 10px !important;padding-left: 15px !important;background-color: #efefef !important;}\u00a0\u00bb] \u00ab\u00a0Une id\u00e9e saugrenue qui rend la musique classique plus festive. [&#8230;] Chocolats symphoniques respire&#8230;<\/p>\n","protected":false},"author":2,"featured_media":0,"comment_status":"open","ping_status":"open","sticky":false,"template":"","format":"standard","meta":[],"categories":[59],"tags":[],"yoast_head":"<!-- This site is optimized with the Yoast SEO plugin v15.6.2 - https:\/\/yoast.com\/wordpress\/plugins\/seo\/ -->\n<title>Chocolats symphoniques - Maxime Goulet<\/title>\n<meta name=\"robots\" content=\"index, follow, max-snippet:-1, max-image-preview:large, max-video-preview:-1\" \/>\n<link rel=\"canonical\" href=\"http:\/\/maximegoulet.com\/fr\/chocolats-symphoniques\/\" \/>\n<meta property=\"og:locale\" content=\"fr_FR\" \/>\n<meta property=\"og:type\" content=\"article\" \/>\n<meta property=\"og:title\" content=\"Chocolats symphoniques - Maxime Goulet\" \/>\n<meta property=\"og:description\" content=\"[vc_row row_type=\u00a0\u00bbrow\u00a0\u00bb use_row_as_full_screen_section=\u00a0\u00bbno\u00a0\u00bb type=\u00a0\u00bbfull_width\u00a0\u00bb text_align=\u00a0\u00bbleft\u00a0\u00bb background_animation=\u00a0\u00bbnone\u00a0\u00bb][vc_column][vc_column_text] Suite orchestrale en quatre saveurs [\/vc_column_text][vc_empty_space][\/vc_column][\/vc_row][vc_row row_type=\u00a0\u00bbrow\u00a0\u00bb use_row_as_full_screen_section=\u00a0\u00bbno\u00a0\u00bb type=\u00a0\u00bbfull_width\u00a0\u00bb text_align=\u00a0\u00bbleft\u00a0\u00bb background_animation=\u00a0\u00bbnone\u00a0\u00bb][vc_column width=\u00a0\u00bb2\/3&Prime;][vc_video link=\u00a0\u00bbhttps:\/\/www.youtube.com\/watch?v=XsKeHRvT4fo\u00a0\u00bb][vc_column_text][\/vc_column_text][\/vc_column][vc_column width=\u00a0\u00bb1\/3&Prime;][vc_column_text css=\u00a0\u00bb.vc_custom_1515121622541{padding-top: 5px !important;padding-right: 10px !important;padding-bottom: 10px !important;padding-left: 15px !important;background-color: #efefef !important;}\u00a0\u00bb] \u00ab\u00a0Une id\u00e9e saugrenue qui rend la musique classique plus festive. [&#8230;] Chocolats symphoniques respire...\" \/>\n<meta property=\"og:url\" content=\"http:\/\/maximegoulet.com\/fr\/chocolats-symphoniques\/\" \/>\n<meta property=\"og:site_name\" content=\"Maxime Goulet\" \/>\n<meta property=\"article:published_time\" content=\"2017-03-18T16:12:30+00:00\" \/>\n<meta property=\"article:modified_time\" content=\"2026-04-06T19:02:25+00:00\" \/>\n<meta name=\"twitter:card\" content=\"summary_large_image\" \/>\n<meta name=\"twitter:label1\" content=\"Dur\u00e9e de lecture est.\">\n\t<meta name=\"twitter:data1\" content=\"16 minutes\">\n<script type=\"application\/ld+json\" class=\"yoast-schema-graph\">{\"@context\":\"https:\/\/schema.org\",\"@graph\":[{\"@type\":\"WebSite\",\"@id\":\"https:\/\/maximegoulet.com\/#website\",\"url\":\"https:\/\/maximegoulet.com\/\",\"name\":\"Maxime Goulet\",\"description\":\"Classical Music &amp; Video Game Composer\",\"potentialAction\":[{\"@type\":\"SearchAction\",\"target\":\"https:\/\/maximegoulet.com\/?s={search_term_string}\",\"query-input\":\"required name=search_term_string\"}],\"inLanguage\":\"fr-FR\"},{\"@type\":\"WebPage\",\"@id\":\"http:\/\/maximegoulet.com\/fr\/chocolats-symphoniques\/#webpage\",\"url\":\"http:\/\/maximegoulet.com\/fr\/chocolats-symphoniques\/\",\"name\":\"Chocolats symphoniques - Maxime Goulet\",\"isPartOf\":{\"@id\":\"https:\/\/maximegoulet.com\/#website\"},\"datePublished\":\"2017-03-18T16:12:30+00:00\",\"dateModified\":\"2026-04-06T19:02:25+00:00\",\"author\":{\"@id\":\"https:\/\/maximegoulet.com\/#\/schema\/person\/becef656e2de28a04626e5156d222f0d\"},\"inLanguage\":\"fr-FR\",\"potentialAction\":[{\"@type\":\"ReadAction\",\"target\":[\"http:\/\/maximegoulet.com\/fr\/chocolats-symphoniques\/\"]}]},{\"@type\":\"Person\",\"@id\":\"https:\/\/maximegoulet.com\/#\/schema\/person\/becef656e2de28a04626e5156d222f0d\",\"name\":\"Marc-Antoine Gagnon\",\"image\":{\"@type\":\"ImageObject\",\"@id\":\"https:\/\/maximegoulet.com\/#personlogo\",\"inLanguage\":\"fr-FR\",\"url\":\"https:\/\/secure.gravatar.com\/avatar\/87061afce509499c37748496311b6f64?s=96&d=mm&r=g\",\"caption\":\"Marc-Antoine Gagnon\"}}]}<\/script>\n<!-- \/ Yoast SEO plugin. -->","_links":{"self":[{"href":"https:\/\/maximegoulet.com\/fr\/wp-json\/wp\/v2\/posts\/22123"}],"collection":[{"href":"https:\/\/maximegoulet.com\/fr\/wp-json\/wp\/v2\/posts"}],"about":[{"href":"https:\/\/maximegoulet.com\/fr\/wp-json\/wp\/v2\/types\/post"}],"author":[{"embeddable":true,"href":"https:\/\/maximegoulet.com\/fr\/wp-json\/wp\/v2\/users\/2"}],"replies":[{"embeddable":true,"href":"https:\/\/maximegoulet.com\/fr\/wp-json\/wp\/v2\/comments?post=22123"}],"version-history":[{"count":115,"href":"https:\/\/maximegoulet.com\/fr\/wp-json\/wp\/v2\/posts\/22123\/revisions"}],"predecessor-version":[{"id":26826,"href":"https:\/\/maximegoulet.com\/fr\/wp-json\/wp\/v2\/posts\/22123\/revisions\/26826"}],"wp:attachment":[{"href":"https:\/\/maximegoulet.com\/fr\/wp-json\/wp\/v2\/media?parent=22123"}],"wp:term":[{"taxonomy":"category","embeddable":true,"href":"https:\/\/maximegoulet.com\/fr\/wp-json\/wp\/v2\/categories?post=22123"},{"taxonomy":"post_tag","embeddable":true,"href":"https:\/\/maximegoulet.com\/fr\/wp-json\/wp\/v2\/tags?post=22123"}],"curies":[{"name":"wp","href":"https:\/\/api.w.org\/{rel}","templated":true}]}}