{"id":22218,"date":"2017-04-15T21:54:41","date_gmt":"2017-04-15T21:54:41","guid":{"rendered":"http:\/\/2017.maximegoulet.com\/?p=22218\/"},"modified":"2025-11-12T14:49:21","modified_gmt":"2025-11-12T14:49:21","slug":"hymnes-unis","status":"publish","type":"post","link":"https:\/\/maximegoulet.com\/fr\/hymnes-unis\/","title":{"rendered":"Hymnes unis"},"content":{"rendered":"[vc_row row_type=\u00a0\u00bbrow\u00a0\u00bb use_row_as_full_screen_section=\u00a0\u00bbno\u00a0\u00bb type=\u00a0\u00bbfull_width\u00a0\u00bb text_align=\u00a0\u00bbleft\u00a0\u00bb background_animation=\u00a0\u00bbnone\u00a0\u00bb][vc_column width=\u00a0\u00bb2\/3&Prime;][vc_video link=\u00a0\u00bbhttps:\/\/www.youtube.com\/watch?v=6csVw_aSxAg\u00a0\u00bb][\/vc_column][vc_column width=\u00a0\u00bb1\/3&Prime;][vc_column_text css=\u00a0\u00bb.vc_custom_1619313183786{padding-top: 5px !important;padding-right: 10px !important;padding-bottom: 10px !important;padding-left: 15px !important;background-color: #f1f1f1 !important;}\u00a0\u00bb]<em>\u00ab\u00a0A welcoming olive branch of music. [\u2026] Goulet\u2019s piece embraces Canada in the context of the wider world. [\u2026] It\u2019s fascinating to listen for how Goulet strings anthems together, from Peru to the Philippines. [\u2026] It\u2019s amazing to see how much musical wealth can be packed into just two and a half minutes.\u00a0\u00bb<\/em><br \/>\n&#8211; <a href=\"http:\/\/www.wqxr.org\/story\/watch-orchestral-mashup-blends-35-national-anthems\/\" target=\"_blank\" rel=\"noopener noreferrer\">WQXR Classical New York<\/a>, James Bennett, II<\/p>\n<p><em>\u00ab\u00a0Un incroyable collage de deux minutes et demie de 35 hymnes nationaux.\u00a0\u00bb<br \/>\n<\/em>&#8211; <a href=\"http:\/\/www.classicfm.com\/music-news\/videos\/25-national-anthems-2-minutes\/\" target=\"_blank\" rel=\"noopener noreferrer\">Classic FM<\/a>, Lizzie Davis<\/p>\n<p><em>\u00ab\u00a0Une brillante id\u00e9e! [\u2026] Les hymnes s&rsquo;encha\u00eenent si bien. [\u2026] Un bel exploit.\u00a0\u00bb<\/em><br \/>\n&#8211; <a href=\"http:\/\/globalnews.ca\/video\/3399729\/united-anthems-celebrates-diversity-for-canadas-150th-anniversary\" target=\"_blank\" rel=\"noopener noreferrer\">Global News<\/a>[\/vc_column_text][\/vc_column][\/vc_row][vc_row row_type=\u00a0\u00bbrow\u00a0\u00bb use_row_as_full_screen_section=\u00a0\u00bbno\u00a0\u00bb type=\u00a0\u00bbfull_width\u00a0\u00bb text_align=\u00a0\u00bbleft\u00a0\u00bb background_animation=\u00a0\u00bbnone\u00a0\u00bb][vc_column][vc_empty_space height=\u00a0\u00bb20px\u00a0\u00bb][\/vc_column][\/vc_row][vc_row row_type=\u00a0\u00bbrow\u00a0\u00bb use_row_as_full_screen_section=\u00a0\u00bbno\u00a0\u00bb type=\u00a0\u00bbfull_width\u00a0\u00bb text_align=\u00a0\u00bbleft\u00a0\u00bb background_animation=\u00a0\u00bbnone\u00a0\u00bb][vc_column][vc_column_text]<strong>Hymnes unis<\/strong> est\u00a0une mosa\u00efque d&rsquo;extraits musicaux tr\u00e8s courts des hymnes de 35 nations \u00e0 travers le monde.<span style=\"font-weight: 400;\">\u00a0<\/span>La pi\u00e8ce c\u00e9l\u00e8bre\u00a0la diversit\u00e9 et la paix dans le monde.<\/p>\n<p>Command\u00e9e pour souligner le 150e\u00a0anniversaire de la Conf\u00e9d\u00e9ration canadienne, l\u2019\u0153uvre d\u00e9bute naturellement par l\u2019hymne du Canada. On entend ensuite ceux de la France et du Royaume-Uni (les deux \u00ab\u00a0peuples fondateurs\u00a0\u00bb), puis celui des \u00c9tats-Unis (le voisin imm\u00e9diat). La pi\u00e8ce se poursuit en rendant hommage \u00e0 plusieurs nations qui ont contribu\u00e9 \u00e0 la fondation du Canada, notamment l\u2019\u00c9cosse et l\u2019Irlande. Le spectre s\u2019\u00e9largit pour inclure des\u00a0nations de tous les continents, unissant parfois m\u00eame des peuples que l\u2019on n\u2019associerait pas autrement (par exemple: la Cor\u00e9e du Nord et la Cor\u00e9e du Sud ou Isra\u00ebl et la Palestine).<\/p>\n<p>Pendant l&rsquo;ex\u00e9cution de la pi\u00e8ce, les images du drapeau de chaque nation peuvent \u00eatre projet\u00e9es sur un \u00e9cran au-dessus de l&rsquo;orchestre. La port\u00e9e au bas de la partition du chef (score) indique pr\u00e9cis\u00e9ment \u00e0 quel moment chaque drapeau doit \u00eatre montr\u00e9 pour correspondre \u00e0 l&rsquo;extrait de l&rsquo;hymne national entendu. Tous les fichiers d&rsquo;image de ces drapeaux sont inclus avec le mat\u00e9riel de la pi\u00e8ce dans un fichier Power Point.<\/p>\n<p>Voici la liste des 35 hymnes cit\u00e9s dans la pi\u00e8ce\u00a0: Canada, France, Royaume-Uni, \u00c9tats-Unis, Ukraine, Irlande, Italie, \u00c9cosse, Allemagne, Cuba, Japon, Suisse, Gr\u00e8ce, Afrique du sud, \u00c9gypte, P\u00e9rou, Ha\u00efti, Argentine, Iran, Isra\u00ebl, Palestine, Danemark, Cor\u00e9e du Sud, Cor\u00e9e du Nord, Russie, Belgique, Colombie, Australie, Philippines, Inde, Pologne, Nig\u00e9ria, Mexique, Chine et Espagne.<\/p>\n<p><strong>Instrumentation:<\/strong><br \/>\n&#8211; Version pour orchestre symphonique: 2.2.2.2 \/ 4.2.3.1 \/ timb+2 \/\u00a0cordes<br \/>\n&#8211; Version pour orchestre de chambre: 1.1.1.1 \/ 1.1.0.0 \/ timb+1 \/\u00a0cordes<\/p>\n<p><strong>Dur\u00e9e:<\/strong>\u00a03 minutes<\/p>\n<p><strong>Programme sugg\u00e9r\u00e9<\/strong>: Hymnes unis est souvent programm\u00e9e lors de concerts soulignant des c\u00e9l\u00e9brations canadiennes (ex\u00a0: la f\u00eate du Canada) et pour des concerts \u00e0 th\u00e9matique olympique et\/ou de la paix dans le monde.<\/p>\n<p><b>Command\u00e9 <\/b>par\u00a0<a href=\"https:\/\/www.tso.ca\/\" target=\"_blank\" rel=\"noopener noreferrer\">l&rsquo;Orchestre symphonique de Toronto<\/a>\u00a0et\u00a0<a href=\"http:\/\/orchestre.ca\/\" target=\"_blank\" rel=\"noopener noreferrer\">l&rsquo;Orchestre de Chambre McGill<\/a>, dans le cadre des c\u00e9l\u00e9brations du 150e anniversaire de la conf\u00e9d\u00e9ration du Canada, avec le support financier du Gouvernement du Canada.<\/p>\n<p><strong>Cr\u00e9ation<\/strong>: 17 janvier, 2017, par\u00a0<a href=\"http:\/\/orchestre.ca\/\" target=\"_blank\" rel=\"noopener noreferrer\">l&rsquo;Orchestre de Chambre McGill<\/a>\u00a0et le chef\u00a0<a href=\"http:\/\/borisbrott.com\/\" target=\"_blank\" rel=\"noopener noreferrer\">Boris Brott<\/a>, \u00e0 \u00c9cole Le Plateau Auditorium, Montr\u00e9al, QC, Canada.[\/vc_column_text][\/vc_column][\/vc_row][vc_row row_type=\u00a0\u00bbrow\u00a0\u00bb use_row_as_full_screen_section=\u00a0\u00bbno\u00a0\u00bb type=\u00a0\u00bbfull_width\u00a0\u00bb text_align=\u00a0\u00bbleft\u00a0\u00bb background_animation=\u00a0\u00bbnone\u00a0\u00bb][vc_column][vc_empty_space height=\u00a0\u00bb64px\u00a0\u00bb][vc_text_separator title=\u00a0\u00bbHymnes unis dans les m\u00e9dias\u00a0\u00bb][vc_empty_space][\/vc_column][\/vc_row][vc_row row_type=\u00a0\u00bbrow\u00a0\u00bb use_row_as_full_screen_section=\u00a0\u00bbno\u00a0\u00bb type=\u00a0\u00bbfull_width\u00a0\u00bb text_align=\u00a0\u00bbleft\u00a0\u00bb background_animation=\u00a0\u00bbnone\u00a0\u00bb][vc_column width=\u00a0\u00bb1\/2&Prime; css=\u00a0\u00bb.vc_custom_1493691624309{border-right-width: 16px !important;padding-top: 0px !important;padding-right: 0px !important;padding-bottom: 0px !important;padding-left: 0px !important;background-color: #f1f1f1 !important;border-right-color: #ffffff !important;border-right-style: solid !important;}\u00a0\u00bb][vc_video link=\u00a0\u00bbhttps:\/\/www.youtube.com\/watch?v=YQB3R72DOso\u00a0\u00bb][vc_column_text]\n<p style=\"text-align: center;\">Entrevue avec Maxime Goulet \u00e0 propos de son oeuvre Hymnes unis<\/p>\n[\/vc_column_text][\/vc_column][vc_column width=\u00a0\u00bb1\/2&Prime; css=\u00a0\u00bb.vc_custom_1496413918336{border-left-width: 16px !important;padding-top: 0px !important;padding-right: 0px !important;padding-bottom: 0px !important;padding-left: 0px !important;background-color: #f1f1f1 !important;border-left-color: #ffffff !important;border-left-style: solid !important;}\u00a0\u00bb][vc_video link=\u00a0\u00bbhttps:\/\/www.youtube.com\/watch?v=vc5rUHr7Mxo\u00a0\u00bb][vc_column_text]\n<p style=\"text-align: center;\">Interpr\u00e9tation d&rsquo;une version \u00e9court\u00e9e d&rsquo;Hymnes unis\u00a0(24 hymnes nationaux) par le\u00a0<a href=\"https:\/\/www.tso.ca\/\" target=\"_blank\" rel=\"noopener noreferrer\">Toronto Symphony Orchestra<\/a>\u00a0et maestro Peter Oundjian, suivit d&rsquo;une entrevue avec\u00a0Maxime Goulet.<\/p>\n[\/vc_column_text][\/vc_column][\/vc_row][vc_row row_type=\u00a0\u00bbrow\u00a0\u00bb use_row_as_full_screen_section=\u00a0\u00bbno\u00a0\u00bb type=\u00a0\u00bbfull_width\u00a0\u00bb text_align=\u00a0\u00bbleft\u00a0\u00bb background_animation=\u00a0\u00bbnone\u00a0\u00bb][vc_column][vc_empty_space height=\u00a0\u00bb64px\u00a0\u00bb][vc_text_separator title=\u00a0\u00bbPerformances de Hymnes unis\u00a0\u00bb][vc_empty_space][vc_column_text]2026, Jan. 29\u00a0| <a href=\"https:\/\/www.osm.ca\/\" target=\"_blank\" rel=\"noopener noreferrer\">Orchestre symphonique de Montr\u00e9al<\/a>, Adam Johnson | Maison symphonique, Montr\u00e9al, QC, Canada<br \/>\n2026, Jan. 28 | <a href=\"https:\/\/www.osm.ca\/\" target=\"_blank\" rel=\"noopener noreferrer\">Orchestre symphonique de Montr\u00e9al<\/a>, Adam Johnson | Maison symphonique, Montr\u00e9al, QC, Canada<br \/>\n2026, Jan. 27 | <a href=\"https:\/\/www.osm.ca\/\" target=\"_blank\" rel=\"noopener noreferrer\">Orchestre symphonique de Montr\u00e9al<\/a>, Adam Johnson | Maison symphonique, Montr\u00e9al, QC, Canada<br \/>\n2026, Jan. 26 | <a href=\"https:\/\/www.osm.ca\/\" target=\"_blank\" rel=\"noopener noreferrer\">Orchestre symphonique de Montr\u00e9al<\/a>, Adam Johnson | Maison symphonique, Montr\u00e9al, QC, Canada<br \/>\n2026, Jan. 25 | <a href=\"https:\/\/www.osm.ca\/\" target=\"_blank\" rel=\"noopener noreferrer\">Orchestre symphonique de Montr\u00e9al<\/a>, Adam Johnson | Maison symphonique, Montr\u00e9al, QC, Canada<\/p>\n<p>2025, Nov. 13 |\u00a0<a href=\"https:\/\/brottmusic.com\/nao\/\" target=\"_blank\" rel=\"noopener noreferrer\">National Academy Orchestra of Canada<\/a>, Martin MacDonald | Burlington Performing Arts Centre, Burlington, ON, Canada<br \/>\n2025, Nov. 12 | <a href=\"https:\/\/brottmusic.com\/nao\/\" target=\"_blank\" rel=\"noopener noreferrer\">National Academy Orchestra of Canada<\/a>, Martin MacDonald | Burlington Performing Arts Centre, Burlington, ON, Canada<\/p>\n<p>2019, Avr. 2 |\u00a0<a href=\"https:\/\/www.osq.org\/\" target=\"_blank\" rel=\"noopener noreferrer\">Orchestre\u00a0symphonique\u00a0de Qu\u00e9bec<\/a>,\u00a0Thomas Le Duc-Moreau\u00a0|\u00a0Grand Th\u00e9\u00e2tre de Qu\u00e9bec,\u00a0Quebec, QC, Canada<br \/>\n2019, Avr. 1 |\u00a0<a href=\"https:\/\/www.osq.org\/\" target=\"_blank\" rel=\"noopener noreferrer\">Orchestre\u00a0symphonique\u00a0de Qu\u00e9bec<\/a>,\u00a0Thomas Le Duc-Moreau\u00a0|\u00a0Grand Th\u00e9\u00e2tre de Qu\u00e9bec,\u00a0Quebec, QC, Canada<br \/>\n2019, Mar. 31 |\u00a0<a href=\"https:\/\/www.osq.org\/\" target=\"_blank\" rel=\"noopener noreferrer\">Orchestre symphonique de Qu\u00e9bec<\/a>,\u00a0Thomas Le Duc-Moreau\u00a0|\u00a0Grand Th\u00e9\u00e2tre de Qu\u00e9bec,\u00a0Quebec, QC, Canada<\/p>\n<p>2018, Nov. 6\u00a0|\u00a0<a href=\"https:\/\/nationalacademyorchestra.com\/\" target=\"_blank\" rel=\"noopener noreferrer\">National Academy Orchestra<\/a>,\u00a0<a href=\"https:\/\/brottmusic.com\/\" target=\"_blank\" rel=\"noopener noreferrer\">Boris Brott<\/a>,\u00a0<a href=\"https:\/\/brottmusic.com\/event\/natural-wonders\/\" target=\"_blank\" rel=\"noopener noreferrer\">Brott Music Festival<\/a>\u00a0| FirstOntario Concert Hall, Hamilton, ON, Canada<br \/>\n2018, Jul. 26 |\u00a0<a href=\"https:\/\/nationalacademyorchestra.com\/\" target=\"_blank\" rel=\"noopener noreferrer\">National Academy Orchestra<\/a>,\u00a0<a href=\"https:\/\/brottmusic.com\/\" target=\"_blank\" rel=\"noopener noreferrer\">Boris Brott<\/a>,\u00a0<a href=\"https:\/\/brottmusic.com\/event\/natural-wonders\/\" target=\"_blank\" rel=\"noopener noreferrer\">Brott Music Festival<\/a>\u00a0|\u00a0L.R. Wilson Hall,\u00a0Hamilton, ON, Canada<\/p>\n<p>2017, Nov. 5 | <a href=\"https:\/\/www.oakvillesymphony.com\/\" target=\"_blank\" rel=\"noopener noreferrer\">Oakville Symphony Orchestra<\/a>, Roberto De Clara\u00a0| Oakville, ON, Canada<br \/>\n2017,\u00a0Nov. 4 | <a href=\"https:\/\/www.oakvillesymphony.com\/\" target=\"_blank\" rel=\"noopener noreferrer\">Oakville Symphony Orchestra<\/a>, Roberto De Clara\u00a0| Oakville, ON, Canada<br \/>\n2017,\u00a0Avr. 25 | <a href=\"http:\/\/ocm-mco.org\/\" target=\"_blank\" rel=\"noopener noreferrer\">McGill Chamber Orchestra<\/a>, <a href=\"http:\/\/borisbrott.com\/\" target=\"_blank\" rel=\"noopener noreferrer\">Boris Brott<\/a> | Maison Symphonique, Montreal, QC, Canada<br \/>\n2017,\u00a0Jan. 28 | <a href=\"https:\/\/www.tso.ca\" target=\"_blank\" rel=\"noopener noreferrer\">Toronto Symphony Orchestra<\/a>, <a href=\"https:\/\/www.tso.ca\/conductor\/peter-oundjian\" target=\"_blank\" rel=\"noopener noreferrer\">Peter Oundjian<\/a>\u00a0| Roy Thomson Hall, Toronto, ON, Canada<br \/>\n2017,\u00a0Jan. 17 | <a href=\"http:\/\/ocm-mco.org\/\" target=\"_blank\" rel=\"noopener noreferrer\">McGill Chamber Orchestra<\/a>, <a href=\"http:\/\/borisbrott.com\/\" target=\"_blank\" rel=\"noopener noreferrer\">Boris Brott<\/a> |\u00a0\u00c9cole Le Plateau Auditorium, Montreal, QC, Canada \u00a0(premi\u00e8re)[\/vc_column_text][\/vc_column][\/vc_row][vc_row row_type=\u00a0\u00bbrow\u00a0\u00bb use_row_as_full_screen_section=\u00a0\u00bbno\u00a0\u00bb type=\u00a0\u00bbfull_width\u00a0\u00bb text_align=\u00a0\u00bbleft\u00a0\u00bb background_animation=\u00a0\u00bbnone\u00a0\u00bb][vc_column][vc_empty_space height=\u00a0\u00bb20px\u00a0\u00bb][vc_column_text]<a href=\"\/fr\/musique-classique\/\"><em><strong>&lt;&lt; Retourner \u00e0 la page principale de Musique classique <\/strong><\/em><\/a>[\/vc_column_text][\/vc_column][\/vc_row]\n","protected":false},"excerpt":{"rendered":"<p>[vc_row row_type=\u00a0\u00bbrow\u00a0\u00bb use_row_as_full_screen_section=\u00a0\u00bbno\u00a0\u00bb type=\u00a0\u00bbfull_width\u00a0\u00bb text_align=\u00a0\u00bbleft\u00a0\u00bb background_animation=\u00a0\u00bbnone\u00a0\u00bb][vc_column width=\u00a0\u00bb2\/3&Prime;][vc_video link=\u00a0\u00bbhttps:\/\/www.youtube.com\/watch?v=6csVw_aSxAg\u00a0\u00bb][\/vc_column][vc_column width=\u00a0\u00bb1\/3&Prime;][vc_column_text css=\u00a0\u00bb.vc_custom_1619313183786{padding-top: 5px !important;padding-right: 10px !important;padding-bottom: 10px !important;padding-left: 15px !important;background-color: #f1f1f1 !important;}\u00a0\u00bb]\u00ab\u00a0A welcoming olive branch of music. [\u2026] Goulet\u2019s piece embraces Canada in the context of the wider world. [\u2026] It\u2019s fascinating to listen for how Goulet&#8230;<\/p>\n","protected":false},"author":1,"featured_media":0,"comment_status":"open","ping_status":"open","sticky":false,"template":"","format":"standard","meta":[],"categories":[59],"tags":[],"yoast_head":"<!-- This site is optimized with the Yoast SEO plugin v15.6.2 - https:\/\/yoast.com\/wordpress\/plugins\/seo\/ -->\n<title>Hymnes unis - Maxime Goulet<\/title>\n<meta name=\"robots\" content=\"index, follow, max-snippet:-1, max-image-preview:large, max-video-preview:-1\" \/>\n<link rel=\"canonical\" href=\"http:\/\/maximegoulet.com\/fr\/hymnes-unis\/\" \/>\n<meta property=\"og:locale\" content=\"fr_FR\" \/>\n<meta property=\"og:type\" content=\"article\" \/>\n<meta property=\"og:title\" content=\"Hymnes unis - Maxime Goulet\" \/>\n<meta property=\"og:description\" content=\"[vc_row row_type=\u00a0\u00bbrow\u00a0\u00bb use_row_as_full_screen_section=\u00a0\u00bbno\u00a0\u00bb type=\u00a0\u00bbfull_width\u00a0\u00bb text_align=\u00a0\u00bbleft\u00a0\u00bb background_animation=\u00a0\u00bbnone\u00a0\u00bb][vc_column width=\u00a0\u00bb2\/3&Prime;][vc_video link=\u00a0\u00bbhttps:\/\/www.youtube.com\/watch?v=6csVw_aSxAg\u00a0\u00bb][\/vc_column][vc_column width=\u00a0\u00bb1\/3&Prime;][vc_column_text css=\u00a0\u00bb.vc_custom_1619313183786{padding-top: 5px !important;padding-right: 10px !important;padding-bottom: 10px !important;padding-left: 15px !important;background-color: #f1f1f1 !important;}\u00a0\u00bb]\u00ab\u00a0A welcoming olive branch of music. [\u2026] Goulet\u2019s piece embraces Canada in the context of the wider world. [\u2026] It\u2019s fascinating to listen for how Goulet...\" \/>\n<meta property=\"og:url\" content=\"http:\/\/maximegoulet.com\/fr\/hymnes-unis\/\" \/>\n<meta property=\"og:site_name\" content=\"Maxime Goulet\" \/>\n<meta property=\"article:published_time\" content=\"2017-04-15T21:54:41+00:00\" \/>\n<meta property=\"article:modified_time\" content=\"2025-11-12T14:49:21+00:00\" \/>\n<meta name=\"twitter:card\" content=\"summary_large_image\" \/>\n<meta name=\"twitter:label1\" content=\"Dur\u00e9e de lecture est.\">\n\t<meta name=\"twitter:data1\" content=\"4 minutes\">\n<script type=\"application\/ld+json\" class=\"yoast-schema-graph\">{\"@context\":\"https:\/\/schema.org\",\"@graph\":[{\"@type\":\"WebSite\",\"@id\":\"https:\/\/maximegoulet.com\/#website\",\"url\":\"https:\/\/maximegoulet.com\/\",\"name\":\"Maxime Goulet\",\"description\":\"Classical Music &amp; Video Game Composer\",\"potentialAction\":[{\"@type\":\"SearchAction\",\"target\":\"https:\/\/maximegoulet.com\/?s={search_term_string}\",\"query-input\":\"required name=search_term_string\"}],\"inLanguage\":\"fr-FR\"},{\"@type\":\"WebPage\",\"@id\":\"http:\/\/maximegoulet.com\/fr\/hymnes-unis\/#webpage\",\"url\":\"http:\/\/maximegoulet.com\/fr\/hymnes-unis\/\",\"name\":\"Hymnes unis - Maxime Goulet\",\"isPartOf\":{\"@id\":\"https:\/\/maximegoulet.com\/#website\"},\"datePublished\":\"2017-04-15T21:54:41+00:00\",\"dateModified\":\"2025-11-12T14:49:21+00:00\",\"author\":{\"@id\":\"https:\/\/maximegoulet.com\/#\/schema\/person\/07e023ead6fa042b0ace6194a1deb47c\"},\"inLanguage\":\"fr-FR\",\"potentialAction\":[{\"@type\":\"ReadAction\",\"target\":[\"http:\/\/maximegoulet.com\/fr\/hymnes-unis\/\"]}]},{\"@type\":\"Person\",\"@id\":\"https:\/\/maximegoulet.com\/#\/schema\/person\/07e023ead6fa042b0ace6194a1deb47c\",\"name\":\"maxime84\",\"image\":{\"@type\":\"ImageObject\",\"@id\":\"https:\/\/maximegoulet.com\/#personlogo\",\"inLanguage\":\"fr-FR\",\"url\":\"https:\/\/secure.gravatar.com\/avatar\/a170f4497bb8af902e55d662a87b86e9?s=96&d=mm&r=g\",\"caption\":\"maxime84\"}}]}<\/script>\n<!-- \/ Yoast SEO plugin. -->","_links":{"self":[{"href":"https:\/\/maximegoulet.com\/fr\/wp-json\/wp\/v2\/posts\/22218"}],"collection":[{"href":"https:\/\/maximegoulet.com\/fr\/wp-json\/wp\/v2\/posts"}],"about":[{"href":"https:\/\/maximegoulet.com\/fr\/wp-json\/wp\/v2\/types\/post"}],"author":[{"embeddable":true,"href":"https:\/\/maximegoulet.com\/fr\/wp-json\/wp\/v2\/users\/1"}],"replies":[{"embeddable":true,"href":"https:\/\/maximegoulet.com\/fr\/wp-json\/wp\/v2\/comments?post=22218"}],"version-history":[{"count":33,"href":"https:\/\/maximegoulet.com\/fr\/wp-json\/wp\/v2\/posts\/22218\/revisions"}],"predecessor-version":[{"id":26663,"href":"https:\/\/maximegoulet.com\/fr\/wp-json\/wp\/v2\/posts\/22218\/revisions\/26663"}],"wp:attachment":[{"href":"https:\/\/maximegoulet.com\/fr\/wp-json\/wp\/v2\/media?parent=22218"}],"wp:term":[{"taxonomy":"category","embeddable":true,"href":"https:\/\/maximegoulet.com\/fr\/wp-json\/wp\/v2\/categories?post=22218"},{"taxonomy":"post_tag","embeddable":true,"href":"https:\/\/maximegoulet.com\/fr\/wp-json\/wp\/v2\/tags?post=22218"}],"curies":[{"name":"wp","href":"https:\/\/api.w.org\/{rel}","templated":true}]}}