{"id":22229,"date":"2017-04-16T00:39:45","date_gmt":"2017-04-16T00:39:45","guid":{"rendered":"http:\/\/2017.maximegoulet.com\/?p=22229\/"},"modified":"2022-12-02T19:51:47","modified_gmt":"2022-12-02T19:51:47","slug":"le-basson-fait-son-cirque","status":"publish","type":"post","link":"https:\/\/maximegoulet.com\/fr\/le-basson-fait-son-cirque\/","title":{"rendered":"Le basson fait son cirque"},"content":{"rendered":"[vc_row row_type=\u00a0\u00bbrow\u00a0\u00bb use_row_as_full_screen_section=\u00a0\u00bbno\u00a0\u00bb type=\u00a0\u00bbfull_width\u00a0\u00bb text_align=\u00a0\u00bbleft\u00a0\u00bb background_animation=\u00a0\u00bbnone\u00a0\u00bb][vc_column width=\u00a0\u00bb2\/3&Prime;][vc_video link=\u00a0\u00bbhttps:\/\/www.youtube.com\/watch?v=0z6YgDzaqC4&Prime;][\/vc_column][vc_column width=\u00a0\u00bb1\/3&Prime;][vc_column_text css=\u00a0\u00bb.vc_custom_1600451954726{padding-top: 5px !important;padding-right: 10px !important;padding-bottom: 10px !important;padding-left: 15px !important;background-color: #efefef !important;}\u00a0\u00bb]\u00ab L\u2019oeuvre, fantaisiste et accessible, est fort bien \u00e9crite, remplie d\u2019effets comiques, et tout le monde s\u2019amuse, incluant les musiciens. \u00bb<\/p>\n<p><span style=\"font-weight: 400;\">&#8211;<\/span><a href=\"http:\/\/www.lapresse.ca\/\"> <span style=\"font-weight: 400;\">La Presse+<\/span><\/a><span style=\"font-weight: 400;\">, Caroline Rodgers<\/span><\/p>\n<p><i><span style=\"font-weight: 400;\">\u00ab Une \u0153uvre amusante de Maxime Goulet, cr\u00e9\u00e9e par Michel Bettez et l\u2019Orchestre symphonique de Laval, et dans laquelle le soliste ne doit pas, disons, se prendre trop au s\u00e9rieux\u2026 \u00bb<\/span><\/i><\/p>\n<p><span style=\"font-weight: 400;\">&#8211; <\/span><a href=\"https:\/\/www.ludwig-van.com\/montreal\/2017\/11\/20\/critique-sonatas-nocturnes-michel-bettez-jeanne-amiele\/\"><span style=\"font-weight: 400;\">Ludwig van Montr\u00e9al<\/span><\/a><span style=\"font-weight: 400;\">, Fr\u00e9d\u00e9ric Cardin<\/span>[\/vc_column_text][\/vc_column][\/vc_row][vc_row row_type=\u00a0\u00bbrow\u00a0\u00bb use_row_as_full_screen_section=\u00a0\u00bbno\u00a0\u00bb type=\u00a0\u00bbfull_width\u00a0\u00bb text_align=\u00a0\u00bbleft\u00a0\u00bb background_animation=\u00a0\u00bbnone\u00a0\u00bb][vc_column][vc_empty_space height=\u00a0\u00bb20px\u00a0\u00bb][\/vc_column][\/vc_row][vc_row row_type=\u00a0\u00bbrow\u00a0\u00bb use_row_as_full_screen_section=\u00a0\u00bbno\u00a0\u00bb type=\u00a0\u00bbfull_width\u00a0\u00bb text_align=\u00a0\u00bbleft\u00a0\u00bb background_animation=\u00a0\u00bbnone\u00a0\u00bb][vc_column][vc_column_text]<b>Le basson fait son cirque<\/b><span style=\"font-weight: 400;\"> est un concerto pour basson solo et orchestre sous forme de th\u00e9\u00e2tre instrumental. L\u2019\u0153uvre est constitu\u00e9e de sept courts mouvements. Chaque mouvement \u00e9voque un petit num\u00e9ro de cirque dans lequel le bassoniste est mis en sc\u00e8ne.<br \/>\n<\/span><span style=\"font-weight: 400;\">I \u2013 Le maitre de piste<br \/>\n<\/span><span style=\"font-weight: 400;\">II \u2013 Le dompteur<br \/>\n<\/span><span style=\"font-weight: 400;\">III \u2013 Le funambule<br \/>\n<\/span><span style=\"font-weight: 400;\">IV \u2013 Le magicien<br \/>\n<\/span><span style=\"font-weight: 400;\">V \u2013 L\u2019homme canon<br \/>\n<\/span><span style=\"font-weight: 400;\">VI \u2013 Le clown<br \/>\n<\/span><span style=\"font-weight: 400;\">VII \u2013 L\u2019homme fort<\/span><\/p>\n<p><b>Instrumentation<\/b><span style=\"font-weight: 400;\">:<br \/>\n<\/span><span style=\"font-weight: 400;\">\u2013 Version pour orchestre classique: bsn solo \/ 2.2.2.1 \/ 2.2.0.0 \/ timb+1 \/ cordes<br \/>\n\u2013 Version pour orchestre \u00e0 vents: <\/span>bsn solo \/ 1picc, 2fl, 2htb, 1bsn \/ 2cl-bb solo, 1cl-eb, 3cl-bb, 1cl-bss \/ 2sax-a, 1sax-t, 1sax-b \/ 2cor, 2trp, 1tuba \/ 1ctrb \/ timb, 1perc (arr. par Jordi Ripoll)<\/p>\n<p><b>Dur\u00e9e<\/b><span style=\"font-weight: 400;\">: 16 minutes<\/span><\/p>\n<p><b>Commande <\/b><span style=\"font-weight: 400;\">de <\/span><a href=\"http:\/\/www.osl.qc.ca\/\"><span style=\"font-weight: 400;\">l&rsquo;Orchestre symphonique de Laval<\/span><\/a><span style=\"font-weight: 400;\">, son directeur artistique <\/span><a href=\"http:\/\/www.alaintrudel.com\/\"><span style=\"font-weight: 400;\">Alain Trudel<\/span><\/a><span style=\"font-weight: 400;\"> et le bassoniste<\/span><a href=\"https:\/\/michelbettez.com\/\"> <span style=\"font-weight: 400;\">Michel Bettez<\/span><\/a><span style=\"font-weight: 400;\">.<\/span><\/p>\n<p><b>D\u00e9di\u00e9<\/b><span style=\"font-weight: 400;\"> \u00e0 <\/span><a href=\"http:\/\/www.alaintrudel.com\/\"><span style=\"font-weight: 400;\">Alain Trudel<\/span><\/a><span style=\"font-weight: 400;\"> et<\/span><a href=\"https:\/\/michelbettez.com\/\"> <span style=\"font-weight: 400;\">Michel Bettez<\/span><\/a><span style=\"font-weight: 400;\">.<\/span><\/p>\n<p><b>Cr\u00e9ation<\/b><span style=\"font-weight: 400;\">: 15 mars, 2017, par <\/span><a href=\"http:\/\/www.osl.qc.ca\/\"><span style=\"font-weight: 400;\">l&rsquo;Orchestre symphonique de Laval<\/span><\/a><span style=\"font-weight: 400;\">, le chef <\/span><a href=\"http:\/\/www.alaintrudel.com\/\"><span style=\"font-weight: 400;\">Alain Trudel<\/span><\/a><span style=\"font-weight: 400;\"> et le bassoniste<\/span><a href=\"https:\/\/michelbettez.com\/\"> <span style=\"font-weight: 400;\">Michel Bettez<\/span><\/a><span style=\"font-weight: 400;\">, \u00e0 la Salle Andr\u00e9 Mathieu, \u00e0 Laval, QC, Canada.<\/span>[\/vc_column_text][\/vc_column][\/vc_row][vc_row row_type=\u00a0\u00bbrow\u00a0\u00bb use_row_as_full_screen_section=\u00a0\u00bbno\u00a0\u00bb type=\u00a0\u00bbfull_width\u00a0\u00bb text_align=\u00a0\u00bbleft\u00a0\u00bb background_animation=\u00a0\u00bbnone\u00a0\u00bb][vc_column][vc_empty_space][vc_text_separator title=\u00a0\u00bbMedia Coverage of A Bassoon Circus\u00a0\u00bb][vc_empty_space][\/vc_column][\/vc_row][vc_row row_type=\u00a0\u00bbrow\u00a0\u00bb use_row_as_full_screen_section=\u00a0\u00bbno\u00a0\u00bb type=\u00a0\u00bbfull_width\u00a0\u00bb text_align=\u00a0\u00bbleft\u00a0\u00bb background_animation=\u00a0\u00bbnone\u00a0\u00bb][vc_column width=\u00a0\u00bb1\/2&Prime; css=\u00a0\u00bb.vc_custom_1498858366498{border-right-width: 16px !important;padding-top: 0px !important;padding-right: 0px !important;padding-bottom: 0px !important;padding-left: 0px !important;background-color: #f1f1f1 !important;border-right-color: #ffffff !important;border-right-style: solid !important;}\u00a0\u00bb][vc_video link=\u00a0\u00bbhttps:\/\/www.youtube.com\/watch?v=1p9kBjpGN8k\u00a0\u00bb][vc_column_text css=\u00a0\u00bb.vc_custom_1498849341823{padding-top: 0px !important;padding-right: 20px !important;padding-bottom: 10px !important;padding-left: 20px !important;}\u00a0\u00bb]\n<p style=\"text-align: center;\"><span style=\"font-weight: 400;\">Entrevue avec Maxime Goulet \u00e0 propos de Le basson fait son cirque<\/span><\/p>\n[\/vc_column_text][\/vc_column][vc_column width=\u00a0\u00bb1\/2&Prime; css=\u00a0\u00bb.vc_custom_1498858386500{border-left-width: 16px !important;padding-top: 0px !important;padding-right: 0px !important;padding-bottom: 0px !important;padding-left: 0px !important;background-color: #ffffff !important;border-left-color: #ffffff !important;border-left-style: solid !important;}\u00a0\u00bb][vc_video link=\u00a0\u00bb\u00a0\u00bb][vc_column_text css=\u00a0\u00bb.vc_custom_1498849402424{padding-top: 0px !important;padding-right: 20px !important;padding-bottom: 10px !important;padding-left: 20px !important;}\u00a0\u00bb][\/vc_column_text][\/vc_column][\/vc_row][vc_row row_type=\u00a0\u00bbrow\u00a0\u00bb use_row_as_full_screen_section=\u00a0\u00bbno\u00a0\u00bb type=\u00a0\u00bbfull_width\u00a0\u00bb text_align=\u00a0\u00bbleft\u00a0\u00bb background_animation=\u00a0\u00bbnone\u00a0\u00bb][vc_column][vc_empty_space][vc_text_separator title=\u00a0\u00bbPerformances of A Bassoon Circus\u00a0\u00bb][vc_empty_space][vc_column_text]2023, Mars 1 |\u00a0<a href=\"https:\/\/www.conservatoire-lyon.fr\/tempo-symphonique.html\" target=\"_blank\" rel=\"noopener noreferrer\">Orchestre Tempo Symphonique<\/a>, C\u00e9cile Beaujon | Salle Garcin, Lyon, France<br \/>\n2023, F\u00e9v. 11 | <a href=\"https:\/\/www.hunterdonmusicalarts.org\/\" target=\"_blank\" rel=\"noopener noreferrer\">Hunterdon Symphony<\/a>, Lawrence Kursar, Andrew Pecota | Clinton Township Middle School, Clinton, NJ, \u00c9tats-Unis<\/p>\n<p>2021, Nov. 7 | Municipal Band of Bilbao, <a href=\"https:\/\/www.pascualvilaplana.com\/\" target=\"_blank\" rel=\"noopener noreferrer\">Jos\u00e9 Rafael Pascual-Vilaplana<\/a>, Jordi Ripoll | Palacio de Congresos y de la M\u00fasica Euskalduna Jauregia, Bilbao, Espagne<\/p>\n<p><span style=\"font-weight: 400;\">2020, Jan. 5 | <\/span><a href=\"http:\/\/www.zanglust.be\/\"><span style=\"font-weight: 400;\">Choeur et orchestre royal de Zanglust Tielt<\/span><\/a><span style=\"font-weight: 400;\">, Milan Lefranc | Centre Culturel Gildhof, Tielt, Belgique<br \/>\n<\/span><span style=\"font-weight: 400;\">2020, Jan. 4 | <\/span><a href=\"http:\/\/www.zanglust.be\/\"><span style=\"font-weight: 400;\">Choeur et orchestre royal de Zanglust Tielt<\/span><\/a><span style=\"font-weight: 400;\">, Milan Lefranc | Centre Culturel Gildhof, Tielt, Belgique<\/span><\/p>\n<p><span style=\"font-weight: 400;\">2017, Mars 15 |<\/span><a href=\"http:\/\/www.osl.qc.ca\/\"> <span style=\"font-weight: 400;\">Laval Symphony Orchestra<\/span><\/a><span style=\"font-weight: 400;\">,<\/span><a href=\"http:\/\/www.alaintrudel.com\/\"> <span style=\"font-weight: 400;\">Alain Trudel<\/span><\/a><span style=\"font-weight: 400;\"> et<\/span><a href=\"https:\/\/michelbettez.com\/\"> <span style=\"font-weight: 400;\">Michel Bettez<\/span><\/a><span style=\"font-weight: 400;\"> | Salle Andr\u00e9 Mathieu, Laval, QC, Canada (premi\u00e8re)<\/span>[\/vc_column_text][\/vc_column][\/vc_row][vc_row row_type=\u00a0\u00bbrow\u00a0\u00bb use_row_as_full_screen_section=\u00a0\u00bbno\u00a0\u00bb type=\u00a0\u00bbfull_width\u00a0\u00bb text_align=\u00a0\u00bbleft\u00a0\u00bb background_animation=\u00a0\u00bbnone\u00a0\u00bb][vc_column][vc_empty_space height=\u00a0\u00bb20px\u00a0\u00bb][vc_column_text]<b><i>&lt;&lt; Retourner \u00e0 la page principale de Musique classique <\/i><\/b><span style=\"font-weight: 400;\">[\/vc_column_text][\/vc_column][\/vc_row][vc_row row_type=\u00a0\u00bbrow\u00a0\u00bb use_row_as_full_screen_section=\u00a0\u00bbno\u00a0\u00bb type=\u00a0\u00bbfull_width\u00a0\u00bb text_align=\u00a0\u00bbleft\u00a0\u00bb background_animation=\u00a0\u00bbnone\u00a0\u00bb][vc_column][vc_column_text]<\/span><\/p>\n[\/vc_column_text][\/vc_column][\/vc_row]\n","protected":false},"excerpt":{"rendered":"<p>[vc_row row_type=\u00a0\u00bbrow\u00a0\u00bb use_row_as_full_screen_section=\u00a0\u00bbno\u00a0\u00bb type=\u00a0\u00bbfull_width\u00a0\u00bb text_align=\u00a0\u00bbleft\u00a0\u00bb background_animation=\u00a0\u00bbnone\u00a0\u00bb][vc_column width=\u00a0\u00bb2\/3&Prime;][vc_video link=\u00a0\u00bbhttps:\/\/www.youtube.com\/watch?v=0z6YgDzaqC4&Prime;][\/vc_column][vc_column width=\u00a0\u00bb1\/3&Prime;][vc_column_text css=\u00a0\u00bb.vc_custom_1600451954726{padding-top: 5px !important;padding-right: 10px !important;padding-bottom: 10px !important;padding-left: 15px !important;background-color: #efefef !important;}\u00a0\u00bb]\u00ab L\u2019oeuvre, fantaisiste et accessible, est fort bien \u00e9crite, remplie d\u2019effets comiques, et tout le monde s\u2019amuse, incluant les musiciens. \u00bb &#8211; La Presse+, Caroline Rodgers&#8230;<\/p>\n","protected":false},"author":1,"featured_media":0,"comment_status":"open","ping_status":"open","sticky":false,"template":"","format":"standard","meta":[],"categories":[59],"tags":[],"yoast_head":"<!-- This site is optimized with the Yoast SEO plugin v15.6.2 - https:\/\/yoast.com\/wordpress\/plugins\/seo\/ -->\n<title>Le basson fait son cirque - Maxime Goulet<\/title>\n<meta name=\"robots\" content=\"index, follow, max-snippet:-1, max-image-preview:large, max-video-preview:-1\" \/>\n<link rel=\"canonical\" href=\"http:\/\/maximegoulet.com\/fr\/le-basson-fait-son-cirque\/\" \/>\n<meta property=\"og:locale\" content=\"fr_FR\" \/>\n<meta property=\"og:type\" content=\"article\" \/>\n<meta property=\"og:title\" content=\"Le basson fait son cirque - Maxime Goulet\" \/>\n<meta property=\"og:description\" content=\"[vc_row row_type=\u00a0\u00bbrow\u00a0\u00bb use_row_as_full_screen_section=\u00a0\u00bbno\u00a0\u00bb type=\u00a0\u00bbfull_width\u00a0\u00bb text_align=\u00a0\u00bbleft\u00a0\u00bb background_animation=\u00a0\u00bbnone\u00a0\u00bb][vc_column width=\u00a0\u00bb2\/3&Prime;][vc_video link=\u00a0\u00bbhttps:\/\/www.youtube.com\/watch?v=0z6YgDzaqC4&Prime;][\/vc_column][vc_column width=\u00a0\u00bb1\/3&Prime;][vc_column_text css=\u00a0\u00bb.vc_custom_1600451954726{padding-top: 5px !important;padding-right: 10px !important;padding-bottom: 10px !important;padding-left: 15px !important;background-color: #efefef !important;}\u00a0\u00bb]\u00ab L\u2019oeuvre, fantaisiste et accessible, est fort bien \u00e9crite, remplie d\u2019effets comiques, et tout le monde s\u2019amuse, incluant les musiciens. \u00bb &#8211; La Presse+, Caroline Rodgers...\" \/>\n<meta property=\"og:url\" content=\"http:\/\/maximegoulet.com\/fr\/le-basson-fait-son-cirque\/\" \/>\n<meta property=\"og:site_name\" content=\"Maxime Goulet\" \/>\n<meta property=\"article:published_time\" content=\"2017-04-16T00:39:45+00:00\" \/>\n<meta property=\"article:modified_time\" content=\"2022-12-02T19:51:47+00:00\" \/>\n<meta name=\"twitter:card\" content=\"summary_large_image\" \/>\n<meta name=\"twitter:label1\" content=\"Dur\u00e9e de lecture est.\">\n\t<meta name=\"twitter:data1\" content=\"3 minutes\">\n<script type=\"application\/ld+json\" class=\"yoast-schema-graph\">{\"@context\":\"https:\/\/schema.org\",\"@graph\":[{\"@type\":\"WebSite\",\"@id\":\"https:\/\/maximegoulet.com\/#website\",\"url\":\"https:\/\/maximegoulet.com\/\",\"name\":\"Maxime Goulet\",\"description\":\"Classical Music &amp; Video Game Composer\",\"potentialAction\":[{\"@type\":\"SearchAction\",\"target\":\"https:\/\/maximegoulet.com\/?s={search_term_string}\",\"query-input\":\"required name=search_term_string\"}],\"inLanguage\":\"fr-FR\"},{\"@type\":\"WebPage\",\"@id\":\"http:\/\/maximegoulet.com\/fr\/le-basson-fait-son-cirque\/#webpage\",\"url\":\"http:\/\/maximegoulet.com\/fr\/le-basson-fait-son-cirque\/\",\"name\":\"Le basson fait son cirque - Maxime Goulet\",\"isPartOf\":{\"@id\":\"https:\/\/maximegoulet.com\/#website\"},\"datePublished\":\"2017-04-16T00:39:45+00:00\",\"dateModified\":\"2022-12-02T19:51:47+00:00\",\"author\":{\"@id\":\"https:\/\/maximegoulet.com\/#\/schema\/person\/07e023ead6fa042b0ace6194a1deb47c\"},\"inLanguage\":\"fr-FR\",\"potentialAction\":[{\"@type\":\"ReadAction\",\"target\":[\"http:\/\/maximegoulet.com\/fr\/le-basson-fait-son-cirque\/\"]}]},{\"@type\":\"Person\",\"@id\":\"https:\/\/maximegoulet.com\/#\/schema\/person\/07e023ead6fa042b0ace6194a1deb47c\",\"name\":\"maxime84\",\"image\":{\"@type\":\"ImageObject\",\"@id\":\"https:\/\/maximegoulet.com\/#personlogo\",\"inLanguage\":\"fr-FR\",\"url\":\"https:\/\/secure.gravatar.com\/avatar\/a170f4497bb8af902e55d662a87b86e9?s=96&d=mm&r=g\",\"caption\":\"maxime84\"}}]}<\/script>\n<!-- \/ Yoast SEO plugin. -->","_links":{"self":[{"href":"https:\/\/maximegoulet.com\/fr\/wp-json\/wp\/v2\/posts\/22229"}],"collection":[{"href":"https:\/\/maximegoulet.com\/fr\/wp-json\/wp\/v2\/posts"}],"about":[{"href":"https:\/\/maximegoulet.com\/fr\/wp-json\/wp\/v2\/types\/post"}],"author":[{"embeddable":true,"href":"https:\/\/maximegoulet.com\/fr\/wp-json\/wp\/v2\/users\/1"}],"replies":[{"embeddable":true,"href":"https:\/\/maximegoulet.com\/fr\/wp-json\/wp\/v2\/comments?post=22229"}],"version-history":[{"count":59,"href":"https:\/\/maximegoulet.com\/fr\/wp-json\/wp\/v2\/posts\/22229\/revisions"}],"predecessor-version":[{"id":25464,"href":"https:\/\/maximegoulet.com\/fr\/wp-json\/wp\/v2\/posts\/22229\/revisions\/25464"}],"wp:attachment":[{"href":"https:\/\/maximegoulet.com\/fr\/wp-json\/wp\/v2\/media?parent=22229"}],"wp:term":[{"taxonomy":"category","embeddable":true,"href":"https:\/\/maximegoulet.com\/fr\/wp-json\/wp\/v2\/categories?post=22229"},{"taxonomy":"post_tag","embeddable":true,"href":"https:\/\/maximegoulet.com\/fr\/wp-json\/wp\/v2\/tags?post=22229"}],"curies":[{"name":"wp","href":"https:\/\/api.w.org\/{rel}","templated":true}]}}