{"id":22253,"date":"2017-04-16T13:16:43","date_gmt":"2017-04-16T13:16:43","guid":{"rendered":"http:\/\/2017.maximegoulet.com\/?p=22253\/"},"modified":"2018-06-03T01:04:34","modified_gmt":"2018-06-03T01:04:34","slug":"fabrique-symphonique","status":"publish","type":"post","link":"https:\/\/maximegoulet.com\/fr\/fabrique-symphonique\/","title":{"rendered":"Fabrique symphonique"},"content":{"rendered":"[vc_row row_type=\u00a0\u00bbrow\u00a0\u00bb use_row_as_full_screen_section=\u00a0\u00bbno\u00a0\u00bb type=\u00a0\u00bbfull_width\u00a0\u00bb text_align=\u00a0\u00bbleft\u00a0\u00bb background_animation=\u00a0\u00bbnone\u00a0\u00bb css_animation=\u00a0\u00bb\u00a0\u00bb][vc_column width=\u00a0\u00bb2\/3&Prime;][vc_video link=\u00a0\u00bbhttps:\/\/www.youtube.com\/watch?v=tcVRexAIByA\u00a0\u00bb][\/vc_column][vc_column width=\u00a0\u00bb1\/3&Prime;][vc_column_text css=\u00a0\u00bb.vc_custom_1497803293453{padding-top: 5px !important;padding-right: 10px !important;padding-bottom: 10px !important;padding-left: 15px !important;background-color: #f1f1f1 !important;}\u00a0\u00bb]<em>\u00ab\u00a0Apr\u00e8s le concert, la fiert\u00e9 \u00e9tait palpable chez les jeunes. Une exp\u00e9rience hors du commun!\u00a0\u00bb<\/em><br \/>\n&#8211; <a href=\"http:\/\/lecoleetlesarts.blogspot.ca\/2016\/06\/en-route-vers-le-375e-de-montreal.html\" target=\"_blank\" rel=\"noopener noreferrer\">L&rsquo;\u00e9cole et les arts<\/a>[\/vc_column_text][\/vc_column][\/vc_row][vc_row row_type=\u00a0\u00bbrow\u00a0\u00bb use_row_as_full_screen_section=\u00a0\u00bbno\u00a0\u00bb type=\u00a0\u00bbfull_width\u00a0\u00bb text_align=\u00a0\u00bbleft\u00a0\u00bb background_animation=\u00a0\u00bbnone\u00a0\u00bb css_animation=\u00a0\u00bb\u00a0\u00bb][vc_column][vc_empty_space height=\u00a0\u00bb20px\u00a0\u00bb][\/vc_column][\/vc_row][vc_row row_type=\u00a0\u00bbrow\u00a0\u00bb use_row_as_full_screen_section=\u00a0\u00bbno\u00a0\u00bb type=\u00a0\u00bbfull_width\u00a0\u00bb text_align=\u00a0\u00bbleft\u00a0\u00bb background_animation=\u00a0\u00bbnone\u00a0\u00bb css_animation=\u00a0\u00bb\u00a0\u00bb][vc_column][vc_column_text]<strong>Fabrique symphonique<\/strong> est un th\u00e9\u00e2tre instrumental en un mouvement pour orchestre et \u00e9l\u00e8ves et leur professeur de musique. L\u2019oeuvre met en sc\u00e8ne le difficile travail en usine, caract\u00e9ris\u00e9 par le travail r\u00e9p\u00e9titif des chaines de montage et les gr\u00e8ves.<\/p>\n<p>Fabrique symphonique est le deuxi\u00e8me mouvement de l\u2019\u0153uvre collective La Symphonie d\u2019Hochelaga. Les autres mouvement deLa Symphonie d\u2019Hochelaga \u00a0sont:\u00a01800-1850 (de John Rea), &#8230;14, 29, 45&#8230; (de\u00a0<a href=\"http:\/\/www.maximemckinley.com\/\" target=\"_blank\" rel=\"noopener noreferrer\">Maxime McKinley<\/a>)\u00a0et L&rsquo;Ile aux mille chants (de\u00a0<a href=\"http:\/\/aleodgers.wixsite.com\/alejandra-odgers\" target=\"_blank\" rel=\"noopener noreferrer\">Alejandra Odgers<\/a>).<\/p>\n<p>Par ce projet, L\u2019\u00e9cole et les arts, l\u2019<a href=\"http:\/\/orchestremetropolitain.com\/\" target=\"_blank\" rel=\"noopener noreferrer\">Orchestre M\u00e9tropolitain<\/a> et la <a href=\"http:\/\/csdm.ca\/\" target=\"_blank\" rel=\"noopener noreferrer\">Commission scolaire de Montr\u00e9al<\/a> ont voulu t\u00e9moigner d\u2019un pan de l\u2019histoire de l\u2019arrondissement de Mercier-Hochelaga-Maisonneuve. Sous le regard de quatre compositeurs montr\u00e9alais et avec la participation d\u2019\u00e9l\u00e8ves, La Symphonie d\u2019Hochelaga fait vibrer la ville dans le cadre des c\u00e9l\u00e9brations du 375e anniversaire de Montr\u00e9al.<\/p>\n<p><strong>Instrumentation<\/strong>: 2+picc.2+ca.2.2 (cor ang. facultatif) \/ 4.2.3.1 \/ hrp \/ timb+2 \/\u00a0cordes \/\u00a0\u00e9l\u00e8ves et leur professeur jouant des percs.<\/p>\n<p><strong>Dur\u00e9e<\/strong>: 8 minutes<\/p>\n<p><strong>Commande\u00a0<\/strong>de <a href=\"http:\/\/www.orchestremetropolitain.com\/\" target=\"_blank\" rel=\"noopener noreferrer\">l&rsquo;Orchestre m\u00e9tropolitain<\/a>.<\/p>\n<p><strong>Cr\u00e9ation<\/strong>: 28 mai, 2017, par\u00a0<a href=\"http:\/\/www.orchestremetropolitain.com\/\" target=\"_blank\" rel=\"noopener noreferrer\">l&rsquo;Orchestre M\u00e9tropolitain<\/a>\u00a0et la chef\u00a0<a href=\"http:\/\/www.dinagilbert.com\/\" target=\"_blank\" rel=\"noopener noreferrer\">Dina Gilbert<\/a>, au Centre Pierre Charbonneau, \u00e0 Montreal, QC, Canada.[\/vc_column_text][\/vc_column][\/vc_row][vc_row row_type=\u00a0\u00bbrow\u00a0\u00bb use_row_as_full_screen_section=\u00a0\u00bbno\u00a0\u00bb type=\u00a0\u00bbfull_width\u00a0\u00bb text_align=\u00a0\u00bbleft\u00a0\u00bb background_animation=\u00a0\u00bbnone\u00a0\u00bb css_animation=\u00a0\u00bb\u00a0\u00bb][vc_column][vc_empty_space][vc_text_separator title=\u00a0\u00bbCouverture m\u00e9diatique de Fabrique symphonique\u00a0\u00bb][vc_empty_space][\/vc_column][\/vc_row][vc_row row_type=\u00a0\u00bbrow\u00a0\u00bb use_row_as_full_screen_section=\u00a0\u00bbno\u00a0\u00bb type=\u00a0\u00bbfull_width\u00a0\u00bb text_align=\u00a0\u00bbleft\u00a0\u00bb background_animation=\u00a0\u00bbnone\u00a0\u00bb css_animation=\u00a0\u00bb\u00a0\u00bb][vc_column width=\u00a0\u00bb1\/2&Prime; css=\u00a0\u00bb.vc_custom_1499710474927{border-right-width: 16px !important;padding-top: 0px !important;padding-right: 0px !important;padding-bottom: 0px !important;padding-left: 0px !important;background-color: #f1f1f1 !important;border-right-color: #ffffff !important;border-right-style: solid !important;}\u00a0\u00bb][vc_video link=\u00a0\u00bbhttps:\/\/www.youtube.com\/watch?v=NLG8mGMDOHo\u00a0\u00bb][vc_column_text css=\u00a0\u00bb.vc_custom_1499710601967{padding-top: 0px !important;padding-right: 20px !important;padding-bottom: 10px !important;padding-left: 20px !important;}\u00a0\u00bb]\n<p style=\"text-align: center;\">Reportage\u00a0\u00e0 propos de l&rsquo;oeuvre collective La Symphonie d&rsquo;Hochelaga<\/p>\n[\/vc_column_text][\/vc_column][vc_column width=\u00a0\u00bb1\/2&Prime; css=\u00a0\u00bb.vc_custom_1499710503494{border-left-width: 16px !important;padding-top: 0px !important;padding-right: 0px !important;padding-bottom: 0px !important;padding-left: 0px !important;border-left-color: #ffffff !important;border-left-style: solid !important;}\u00a0\u00bb][\/vc_column][\/vc_row][vc_row row_type=\u00a0\u00bbrow\u00a0\u00bb use_row_as_full_screen_section=\u00a0\u00bbno\u00a0\u00bb type=\u00a0\u00bbfull_width\u00a0\u00bb text_align=\u00a0\u00bbleft\u00a0\u00bb background_animation=\u00a0\u00bbnone\u00a0\u00bb css_animation=\u00a0\u00bb\u00a0\u00bb][vc_column][vc_empty_space][vc_text_separator title=\u00a0\u00bbPerformances de Fabrique symphonique\u00a0\u00bb][vc_empty_space][vc_column_text]2017, Mai 28 | <a href=\"http:\/\/www.orchestremetropolitain.com\/\" target=\"_blank\" rel=\"noopener noreferrer\">Orchestre M\u00e9tropolitain<\/a>, <a href=\"http:\/\/www.dinagilbert.com\/\" target=\"_blank\" rel=\"noopener noreferrer\">Dina Gilbert<\/a> |\u00a0Centre Pierre Charbonneau, Montreal, QC, Canada (premi\u00e8re)[\/vc_column_text][\/vc_column][\/vc_row][vc_row row_type=\u00a0\u00bbrow\u00a0\u00bb use_row_as_full_screen_section=\u00a0\u00bbno\u00a0\u00bb type=\u00a0\u00bbfull_width\u00a0\u00bb text_align=\u00a0\u00bbleft\u00a0\u00bb background_animation=\u00a0\u00bbnone\u00a0\u00bb css_animation=\u00a0\u00bb\u00a0\u00bb][vc_column][vc_empty_space height=\u00a0\u00bb20px\u00a0\u00bb][vc_column_text]<a href=\"\/fr\/musique-classique\/\"><em><strong>&lt;&lt; Retourner \u00e0 la page principale de Musique classique <\/strong><\/em><\/a>[\/vc_column_text][\/vc_column][\/vc_row]\n","protected":false},"excerpt":{"rendered":"<p>[vc_row row_type=\u00a0\u00bbrow\u00a0\u00bb use_row_as_full_screen_section=\u00a0\u00bbno\u00a0\u00bb type=\u00a0\u00bbfull_width\u00a0\u00bb text_align=\u00a0\u00bbleft\u00a0\u00bb background_animation=\u00a0\u00bbnone\u00a0\u00bb css_animation=\u00a0\u00bb\u00a0\u00bb][vc_column width=\u00a0\u00bb2\/3&Prime;][vc_video link=\u00a0\u00bbhttps:\/\/www.youtube.com\/watch?v=tcVRexAIByA\u00a0\u00bb][\/vc_column][vc_column width=\u00a0\u00bb1\/3&Prime;][vc_column_text css=\u00a0\u00bb.vc_custom_1497803293453{padding-top: 5px !important;padding-right: 10px !important;padding-bottom: 10px !important;padding-left: 15px !important;background-color: #f1f1f1 !important;}\u00a0\u00bb]\u00ab\u00a0Apr\u00e8s le concert, la fiert\u00e9 \u00e9tait palpable chez les jeunes. Une exp\u00e9rience hors du commun!\u00a0\u00bb &#8211; L&rsquo;\u00e9cole et les arts[\/vc_column_text][\/vc_column][\/vc_row][vc_row row_type=\u00a0\u00bbrow\u00a0\u00bb use_row_as_full_screen_section=\u00a0\u00bbno\u00a0\u00bb type=\u00a0\u00bbfull_width\u00a0\u00bb text_align=\u00a0\u00bbleft\u00a0\u00bb background_animation=\u00a0\u00bbnone\u00a0\u00bb&#8230;<\/p>\n","protected":false},"author":1,"featured_media":0,"comment_status":"open","ping_status":"open","sticky":false,"template":"","format":"standard","meta":[],"categories":[59],"tags":[],"yoast_head":"<!-- This site is optimized with the Yoast SEO plugin v15.6.2 - https:\/\/yoast.com\/wordpress\/plugins\/seo\/ -->\n<title>Fabrique symphonique - Maxime Goulet<\/title>\n<meta name=\"robots\" content=\"index, follow, max-snippet:-1, max-image-preview:large, max-video-preview:-1\" \/>\n<link rel=\"canonical\" href=\"http:\/\/maximegoulet.com\/fr\/fabrique-symphonique\/\" \/>\n<meta property=\"og:locale\" content=\"fr_FR\" \/>\n<meta property=\"og:type\" content=\"article\" \/>\n<meta property=\"og:title\" content=\"Fabrique symphonique - Maxime Goulet\" \/>\n<meta property=\"og:description\" content=\"[vc_row row_type=\u00a0\u00bbrow\u00a0\u00bb use_row_as_full_screen_section=\u00a0\u00bbno\u00a0\u00bb type=\u00a0\u00bbfull_width\u00a0\u00bb text_align=\u00a0\u00bbleft\u00a0\u00bb background_animation=\u00a0\u00bbnone\u00a0\u00bb css_animation=\u00a0\u00bb\u00a0\u00bb][vc_column width=\u00a0\u00bb2\/3&Prime;][vc_video link=\u00a0\u00bbhttps:\/\/www.youtube.com\/watch?v=tcVRexAIByA\u00a0\u00bb][\/vc_column][vc_column width=\u00a0\u00bb1\/3&Prime;][vc_column_text css=\u00a0\u00bb.vc_custom_1497803293453{padding-top: 5px !important;padding-right: 10px !important;padding-bottom: 10px !important;padding-left: 15px !important;background-color: #f1f1f1 !important;}\u00a0\u00bb]\u00ab\u00a0Apr\u00e8s le concert, la fiert\u00e9 \u00e9tait palpable chez les jeunes. Une exp\u00e9rience hors du commun!\u00a0\u00bb &#8211; L&rsquo;\u00e9cole et les arts[\/vc_column_text][\/vc_column][\/vc_row][vc_row row_type=\u00a0\u00bbrow\u00a0\u00bb use_row_as_full_screen_section=\u00a0\u00bbno\u00a0\u00bb type=\u00a0\u00bbfull_width\u00a0\u00bb text_align=\u00a0\u00bbleft\u00a0\u00bb background_animation=\u00a0\u00bbnone\u00a0\u00bb...\" \/>\n<meta property=\"og:url\" content=\"http:\/\/maximegoulet.com\/fr\/fabrique-symphonique\/\" \/>\n<meta property=\"og:site_name\" content=\"Maxime Goulet\" \/>\n<meta property=\"article:published_time\" content=\"2017-04-16T13:16:43+00:00\" \/>\n<meta property=\"article:modified_time\" content=\"2018-06-03T01:04:34+00:00\" \/>\n<meta name=\"twitter:card\" content=\"summary_large_image\" \/>\n<meta name=\"twitter:label1\" content=\"Dur\u00e9e de lecture est.\">\n\t<meta name=\"twitter:data1\" content=\"3 minutes\">\n<script type=\"application\/ld+json\" class=\"yoast-schema-graph\">{\"@context\":\"https:\/\/schema.org\",\"@graph\":[{\"@type\":\"WebSite\",\"@id\":\"https:\/\/maximegoulet.com\/#website\",\"url\":\"https:\/\/maximegoulet.com\/\",\"name\":\"Maxime Goulet\",\"description\":\"Classical Music &amp; Video Game Composer\",\"potentialAction\":[{\"@type\":\"SearchAction\",\"target\":\"https:\/\/maximegoulet.com\/?s={search_term_string}\",\"query-input\":\"required name=search_term_string\"}],\"inLanguage\":\"fr-FR\"},{\"@type\":\"WebPage\",\"@id\":\"http:\/\/maximegoulet.com\/fr\/fabrique-symphonique\/#webpage\",\"url\":\"http:\/\/maximegoulet.com\/fr\/fabrique-symphonique\/\",\"name\":\"Fabrique symphonique - Maxime Goulet\",\"isPartOf\":{\"@id\":\"https:\/\/maximegoulet.com\/#website\"},\"datePublished\":\"2017-04-16T13:16:43+00:00\",\"dateModified\":\"2018-06-03T01:04:34+00:00\",\"author\":{\"@id\":\"https:\/\/maximegoulet.com\/#\/schema\/person\/07e023ead6fa042b0ace6194a1deb47c\"},\"inLanguage\":\"fr-FR\",\"potentialAction\":[{\"@type\":\"ReadAction\",\"target\":[\"http:\/\/maximegoulet.com\/fr\/fabrique-symphonique\/\"]}]},{\"@type\":\"Person\",\"@id\":\"https:\/\/maximegoulet.com\/#\/schema\/person\/07e023ead6fa042b0ace6194a1deb47c\",\"name\":\"maxime84\",\"image\":{\"@type\":\"ImageObject\",\"@id\":\"https:\/\/maximegoulet.com\/#personlogo\",\"inLanguage\":\"fr-FR\",\"url\":\"https:\/\/secure.gravatar.com\/avatar\/a170f4497bb8af902e55d662a87b86e9?s=96&d=mm&r=g\",\"caption\":\"maxime84\"}}]}<\/script>\n<!-- \/ Yoast SEO plugin. -->","_links":{"self":[{"href":"https:\/\/maximegoulet.com\/fr\/wp-json\/wp\/v2\/posts\/22253"}],"collection":[{"href":"https:\/\/maximegoulet.com\/fr\/wp-json\/wp\/v2\/posts"}],"about":[{"href":"https:\/\/maximegoulet.com\/fr\/wp-json\/wp\/v2\/types\/post"}],"author":[{"embeddable":true,"href":"https:\/\/maximegoulet.com\/fr\/wp-json\/wp\/v2\/users\/1"}],"replies":[{"embeddable":true,"href":"https:\/\/maximegoulet.com\/fr\/wp-json\/wp\/v2\/comments?post=22253"}],"version-history":[{"count":16,"href":"https:\/\/maximegoulet.com\/fr\/wp-json\/wp\/v2\/posts\/22253\/revisions"}],"predecessor-version":[{"id":23693,"href":"https:\/\/maximegoulet.com\/fr\/wp-json\/wp\/v2\/posts\/22253\/revisions\/23693"}],"wp:attachment":[{"href":"https:\/\/maximegoulet.com\/fr\/wp-json\/wp\/v2\/media?parent=22253"}],"wp:term":[{"taxonomy":"category","embeddable":true,"href":"https:\/\/maximegoulet.com\/fr\/wp-json\/wp\/v2\/categories?post=22253"},{"taxonomy":"post_tag","embeddable":true,"href":"https:\/\/maximegoulet.com\/fr\/wp-json\/wp\/v2\/tags?post=22253"}],"curies":[{"name":"wp","href":"https:\/\/api.w.org\/{rel}","templated":true}]}}