{"id":24862,"date":"2020-10-15T18:02:56","date_gmt":"2020-10-15T18:02:56","guid":{"rendered":"http:\/\/maximegoulet.com\/?p=24862"},"modified":"2025-11-13T16:17:15","modified_gmt":"2025-11-13T16:17:15","slug":"symphonie-de-la-tempete-de-verglas","status":"publish","type":"post","link":"https:\/\/maximegoulet.com\/fr\/symphonie-de-la-tempete-de-verglas\/","title":{"rendered":"Symphonie de la temp\u00eate de verglas"},"content":{"rendered":"[vc_row row_type=\u00a0\u00bbrow\u00a0\u00bb use_row_as_full_screen_section=\u00a0\u00bbno\u00a0\u00bb type=\u00a0\u00bbfull_width\u00a0\u00bb text_align=\u00a0\u00bbleft\u00a0\u00bb background_animation=\u00a0\u00bbnone\u00a0\u00bb][vc_column width=\u00a0\u00bb2\/3&Prime; css=\u00a0\u00bb.vc_custom_1632926756855{border-top-width: 0px !important;border-right-width: 0px !important;border-bottom-width: 0px !important;border-left-width: 0px !important;padding-top: 0px !important;padding-right: 0px !important;padding-bottom: 0px !important;padding-left: 0px !important;background-color: #f1f1f1 !important;}\u00a0\u00bb][vc_video link=\u00a0\u00bbhttps:\/\/www.youtube.com\/watch?v=Qdx7INSl0R8&Prime;][vc_column_text css=\u00a0\u00bb.vc_custom_1697569450574{padding-top: 0px !important;padding-right: 20px !important;padding-bottom: 10px !important;padding-left: 20px !important;}\u00a0\u00bb]\n<p style=\"text-align: center;\">Extraits de la cr\u00e9ation de Symphonie de la temp\u00eate de verglas, par l&rsquo;<a href=\"https:\/\/orchestre.ca\/\" target=\"_blank\" rel=\"noopener noreferrer\">Orchestre classique de Montr\u00e9al<\/a> et Alain Trudel.<\/p>\n[\/vc_column_text][vc_empty_space height=\u00a0\u00bb16px\u00a0\u00bb css=\u00a0\u00bb.vc_custom_1741354734628{background-color: #ffffff !important;}\u00a0\u00bb][vc_raw_html css=\u00a0\u00bb.vc_custom_1741354673250{background-color: #ffffff !important;}\u00a0\u00bb]JTNDaWZyYW1lJTIwc3R5bGUlM0QlMjJib3JkZXItcmFkaXVzJTNBMTJweCUyMiUyMHNyYyUzRCUyMmh0dHBzJTNBJTJGJTJGb3Blbi5zcG90aWZ5LmNvbSUyRmVtYmVkJTJGcGxheWxpc3QlMkYzaFhoUmh1V3gwSTlXNndCRFZVcWFwJTNGdXRtX3NvdXJjZSUzRGdlbmVyYXRvciUyMiUyMHdpZHRoJTNEJTIyMTAwJTI1JTIyJTIwaGVpZ2h0JTNEJTIyNDIwJTIyJTIwZnJhbWVCb3JkZXIlM0QlMjIwJTIyJTIwYWxsb3dmdWxsc2NyZWVuJTNEJTIyJTIyJTIwYWxsb3clM0QlMjJhdXRvcGxheSUzQiUyMGNsaXBib2FyZC13cml0ZSUzQiUyMGVuY3J5cHRlZC1tZWRpYSUzQiUyMGZ1bGxzY3JlZW4lM0IlMjBwaWN0dXJlLWluLXBpY3R1cmUlMjIlMjBsb2FkaW5nJTNEJTIybGF6eSUyMiUzRSUzQyUyRmlmcmFtZSUzRQ==[\/vc_raw_html][\/vc_column][vc_column width=\u00a0\u00bb1\/3&Prime;][vc_column_text css=\u00a0\u00bb.vc_custom_1748009068097{padding-top: 5px !important;padding-right: 10px !important;padding-bottom: 10px !important;padding-left: 15px !important;background-color: #f1f1f1 !important;}\u00a0\u00bb]\n<h5>Winner of the Juno Award for Best Classical Album (Large Ensemble), 2024<\/h5>\n<h5><em>\u00ab\u00a0<i><span style=\"font-weight: 400;\">\u2605\u2605\u2605\u2605\u2605 <\/span><\/i>Tout simplement sublime. [&#8230;] L\u2019orchestre \u00e0 son meilleur.\u00a0\u00bb<\/em><\/h5>\n<p>\u2013 <a href=\"https:\/\/myscena.org\/fr\/zenith-wolfe\/cd-review-symphonie-de-la-tempete-de-verglas-atma-classique-2023\/\" target=\"_blank\" rel=\"noopener noreferrer\">La Scena Musicale<\/a>, Zenith Wolfe<\/p>\n<h5><em>\u00ab\u00a0<i><span style=\"font-weight: 400;\">\u2605\u2605\u2605\u2605 \u00bd <\/span><\/i>Une musique picturale fort bien \u00e9crite. [&#8230;] Un disque patrimonial important.\u00a0\u00bb<\/em><\/h5>\n<p>\u2013\u00a0<a href=\"https:\/\/www.ledevoir.com\/culture\/musique\/779411\/classique-symphonie-de-la-tempete-de-verglas-maxime-goulet\" target=\"_blank\" rel=\"noopener noreferrer\">Le Devoir<\/a>, Christophe Huss<\/p>\n<h5><em>\u00ab\u00a0<i>Non seulement la Symphonie de la temp\u00eate de verglas est-elle int\u00e9ressante \u00e0 \u00e9couter, mais elle nous ressemble, \u00e0 nous, les Qu\u00e9b\u00e9cois.\u00a0\u00bb<\/i><\/em><\/h5>\n<p>\u2013 <a href=\"https:\/\/www.ludwig-van.com\/montreal\/2023\/06\/22\/critique-une-fin-de-saison-remarquable-pour-lorchestre-classique-de-montreal\/\" target=\"_blank\" rel=\"noopener noreferrer\">Ludwig van Montr\u00e9al<\/a>, Caroline Rodgers<\/p>\n<h5><em>\u00ab\u00a0A vivid, colourful symphony.\u00a0\u00bb<\/em><\/h5>\n<p>\u2013 <a href=\"https:\/\/www.thewholenote.com\/index.php\/booksrecords2\/moderncontempo\/32676-maxime-goulet-symphonie-de-la-tempete-de-verglas-ice-storm-symphony-orchestre-classique-de-montreal-jacques-lacombe\" target=\"_blank\" rel=\"noopener noreferrer\">The Whole Note<\/a>, Michael Schulman<\/p>\n<div class=\"page\" title=\"Page 1\">\n<div class=\"section\">\n<div class=\"layoutArea\">\n<div class=\"column\">\n<h5><em>\u00ab\u00a0A testament to the power of art in conveying the human experience\u00a0\u00bb<\/em><\/h5>\n<p>\u2013 <a href=\"https:\/\/mountainlake.org\/fire-and-ice-the-orchestre-classique-de-montreal-concludes-their-83rd-season-in-grandiose-manner-at-la-maison-symphonique\/\" target=\"_blank\" rel=\"noopener noreferrer\">Mountain Lake PBS<\/a>, Gen&rsquo;s Delights<\/p>\n<\/div>\n<\/div>\n<\/div>\n<\/div>\n[\/vc_column_text][\/vc_column][\/vc_row][vc_row row_type=\u00a0\u00bbrow\u00a0\u00bb use_row_as_full_screen_section=\u00a0\u00bbno\u00a0\u00bb type=\u00a0\u00bbfull_width\u00a0\u00bb text_align=\u00a0\u00bbleft\u00a0\u00bb background_animation=\u00a0\u00bbnone\u00a0\u00bb][vc_column][vc_empty_space height=\u00a0\u00bb20px\u00a0\u00bb][\/vc_column][\/vc_row][vc_row row_type=\u00a0\u00bbrow\u00a0\u00bb use_row_as_full_screen_section=\u00a0\u00bbno\u00a0\u00bb type=\u00a0\u00bbfull_width\u00a0\u00bb text_align=\u00a0\u00bbleft\u00a0\u00bb background_animation=\u00a0\u00bbnone\u00a0\u00bb][vc_column][vc_column_text]<strong>Contexte historique<\/strong><\/p>\n<p>A\u0300 l\u2019hiver 1998, l\u2019une des pires catastrophes naturelles de l\u2019histoire du Que\u0301bec tomba du ciel. Une mer de glace s\u2019e\u0301tendit de l\u2019est de l\u2019Ontario a\u0300 la frontie\u0300re du Nouveau-Brunswick et paralysa tout le sud du Que\u0301bec. Cette \u00ab crise du verglas \u00bb plongea la moitie\u0301 des Que\u0301be\u0301cois dans le noir.<\/p>\n<p>Inspire\u0301 surtout par la lumie\u0300re qui jaillit de la noirceur, du courage et du sentiment d\u2019humanite\u0301 qui ont e\u0301mane\u0301 de la crise, la Symphonie de la tempe\u0302te de verglas a e\u0301te\u0301 compose\u0301e pour comme\u0301morer les 25 ans de cet e\u0301ve\u0301nement historique.<\/p>\n<p>&nbsp;<\/p>\n<p><strong>Au-del\u00e0 de la temp\u00eate<\/strong><\/p>\n<p>La <em>Symphonie de la temp\u00eate de verglas<\/em> \u00e9voque les multiples facettes de la crise, invitant le public \u00e0 en raviver les moments marquants. Elle sensibilise \u00e9galement \u00e0 la fragilit\u00e9 de l\u2019humanit\u00e9 face aux changements climatiques et souligne notre responsabilit\u00e9 envers l\u2019environnement et la plan\u00e8te. Parall\u00e8lement, cette \u0153uvre met en lumi\u00e8re les \u00e9lans de solidarit\u00e9 et de g\u00e9n\u00e9rosit\u00e9 qui ont \u00e9merg\u00e9 au c\u0153ur des \u00e9v\u00e9nements, rappelant notre capacit\u00e9 \u00e0 faire preuve d\u2019empathie et d\u2019h\u00e9ro\u00efsme. \u00c0 travers ces th\u00e8mes universels et plus actuels que jamais, la symphonie r\u00e9sonne comme un t\u00e9moignage puissant et engageant.<\/p>\n<p>&nbsp;<\/p>\n<p><strong>Une symphonie en quatre mouvements<\/strong><\/p>\n<p>Les quatre mouvements de la symphonie correspondent a\u0300 quatre the\u0300mes associe\u0301s a\u0300 la crise:<\/p>\n<p style=\"padding-left: 40px;\"><strong>I. Tourmente<\/strong><br \/>\nUne musique dramatique et menac\u0327ante en monte\u0301e de tension graduelle annonce l\u2019arrive\u0301e de la tempe\u0302te. Plusieurs effets musicaux font entendre, entre autres, le vent froid, le bruit des gouttes de verglas qui tombent sur les toits, la chute des plaques de glace, les arbres et les pylo\u0302nes qui tombent sous le poids de la glace. Le mouvement e\u0301voque la tourmente a\u0300 la fois me\u0301te\u0301orologique et e\u0301motionnelle suscite\u0301e par la tempe\u0302te.<\/p>\n<p style=\"padding-left: 40px;\"><strong>II. Chaleur<\/strong><br \/>\nDurant la crise, plusieurs personnes se sont re\u0301fugie\u0301es chez des membres de leur famille ou des amis qui jouissaient encore de l\u2019e\u0301lectricite\u0301 ou d\u2019un foyer. Pour plusieurs d\u2019entre elles, cet accueil et ces retrouvailles re\u0301chauffaient autant le corps que le c\u0153ur. Pluto\u0302t qu\u2019un scherzo ou un menuet, le deuxie\u0300me mouvement consiste en une sorte de reel folklorique que\u0301be\u0301cois, rappel des veille\u0301es de l\u2019ancien temps, lorsqu\u2019on se regroupait autour d\u2019un feu de foyer ; il fait aussi penser a\u0300 l\u2019entraide pre\u0301cieuse et ne\u0301cessaire qui a pre\u0301valu tout au long de la tempe\u0302te.<\/p>\n<p style=\"padding-left: 40px;\"><strong>III. Noirceur<\/strong><br \/>\nL\u2019une des particularite\u0301s de la crise fut l\u2019obscurite\u0301 totale qui re\u0301gnait durant la nuit, en l\u2019absence des lumie\u0300res de la ville. Ce troisie\u0300me mouvement, par une musique douce et myste\u0301rieuse, nous transporte dans un univers de calme onirique, et te\u0301moigne de la beaute\u0301 du ciel e\u0301toile\u0301 et du sentiment d\u2019extre\u0302me vulne\u0301rabilite\u0301 qui nous happe face a\u0300 ces nuits noires. La paralysie ge\u0301ne\u0301rale sera retranscrite en musique, cre\u0301ant l\u2019impression que le temps se fige. Les lumie\u0300res de sce\u0300ne s\u2019e\u0301teignent (les musiciens utilisent des lumie\u0300res de lutrin) afin de ramener le spectateur a\u0300 ses souvenirs de l\u2019obscurite\u0301. Le mouvement est e\u0301galement un hommage aux personnes de\u0301ce\u0301de\u0301es durant la crise (dont la violoncelliste Lotte Brott, membre fondatrice de l\u2019Orchestre classique de Montre\u0301al) et sert de moment de recueillement.<\/p>\n<p style=\"padding-left: 40px;\"><strong>IV. Lumi\u00e8re<\/strong><br \/>\nLe dernier mouvement est construit sur une succession de grands crescendos d\u2019e\u0301nergie positive qui repre\u0301sentent le retour de l\u2019e\u0301lectricite\u0301, de la clarte\u0301 et de la vie. Les lumie\u0300res de sce\u0300ne se rallument graduellement, sugge\u0301rant les maisons qui recommencent a\u0300 e\u0302tre alimente\u0301es en courant. Le mouvement est pulse\u0301 par des rythmes de caisse claire, rappelant l\u2019arme\u0301e qui vient pre\u0302ter main-forte, car, comme toujours en temps de catastrophe, les gens se serrent les coudes, le malheur passe et des histoires de force et de re\u0301silience restent impre\u0301gne\u0301es dans nos me\u0301moires.<\/p>\n<p>&nbsp;<\/p>\n<p><strong>Instrumentation<\/strong>: 2222 \/ 4231 \/ hrp \/ timb+2 \/ cordes<\/p>\n<p><strong>Dur\u00e9e<\/strong>: 40 minutes<\/p>\n<p><strong>Suggestions d\u2019oeuvre compl\u00e9mentaires<\/strong>:<\/p>\n<ul>\n<li>Beethoven: Symphonie #6, \u00ab Pastorale \u00bb<\/li>\n<li>Debussy: La Mer<\/li>\n<li>Vaughan Williams: Sinfonia antarctica<\/li>\n<li>Vivaldi: Les Quatre saisons<\/li>\n<li>Compositeurs nordiques, ex: Grieg, Sibelius, Nielson<\/li>\n<\/ul>\n<p><strong>Commande <\/strong>commune de l&rsquo;<a href=\"https:\/\/orchestre.ca\/\" target=\"_blank\" rel=\"noopener noreferrer\">Orchestre classique de Montr\u00e9al<\/a>, <a href=\"https:\/\/roco.org\/\" target=\"_blank\" rel=\"noopener noreferrer\">ROCO<\/a>, l&rsquo;<a href=\"https:\/\/www.osl.ca\/\" target=\"_blank\" rel=\"noopener noreferrer\">Orchestre symphonique de Laval<\/a>, l&rsquo;<a href=\"http:\/\/ossherbrooke.com\/\" target=\"_blank\" rel=\"noopener noreferrer\">Orchestre symphonique de Sherbrooke<\/a> et l&rsquo;<a href=\"https:\/\/ostr.ca\/\" target=\"_blank\" rel=\"noopener noreferrer\">Orchestre symphonique de Trois-Rivi\u00e8res<\/a>.<\/p>\n<p><strong>Cr\u00e9ation<\/strong>: 20 juin, 2023, par l&rsquo;<a href=\"https:\/\/orchestre.ca\/\" target=\"_blank\" rel=\"noopener noreferrer\">Orchestre classique de Montr\u00e9al<\/a> et <a href=\"https:\/\/www.alaintrudel.com\/\" target=\"_blank\" rel=\"noopener noreferrer\">Alain Trudel<\/a>, \u00e0 la Maison symphonique de Montr\u00e9al. Finaliste pour le <a href=\"https:\/\/prixopus.com\/\" target=\"_blank\" rel=\"noopener noreferrer\">Prix Opus<\/a> \u00ab\u00a0<a href=\"https:\/\/prixopus.com\/finalistes\/9-5-la-symphonie-de-la-tempete-de-verglas\/\" target=\"_blank\" rel=\"noopener noreferrer\">Cr\u00e9ation de l&rsquo;ann\u00e9e<\/a> \u00bb, 2024.<\/p>\n<p><strong>Discographie:<\/strong> L&rsquo;oeuvre Symphonie de la temp\u00eate de verglas, enregistr\u00e9e par l&rsquo;<a href=\"https:\/\/orchestre.ca\/\" target=\"_blank\" rel=\"noopener noreferrer\">Orchestre classique de Montr\u00e9al<\/a>, sous la direction de <a href=\"http:\/\/www.jacqueslacombe.com\/\" target=\"_blank\" rel=\"noopener noreferrer\">Jacques Lacombe<\/a>, figure sur l\u2019album <a href=\"https:\/\/atmaclassique.com\/produit\/symphonie-de-la-tempete-de-verglas\/\" target=\"_blank\" rel=\"noopener noreferrer\">Maxime Goulet: Symphonie de la temp\u00eate de verglas<\/a>, publi\u00e9 en 2023 par <a href=\"https:\/\/atmaclassique.com\/\" target=\"_blank\" rel=\"noopener noreferrer\">ATMA Classique<\/a>. Finaliste pour le <a href=\"https:\/\/prixopus.com\/\" target=\"_blank\" rel=\"noopener noreferrer\">Prix Opus<\/a> \u00ab\u00a0<a href=\"https:\/\/prixopus.com\/finalistes\/3-3-symphonie-de-la-tempete-de-verglas\/\" target=\"_blank\" rel=\"noopener noreferrer\">Album de l&rsquo;ann\u00e9e musique moderne, contemporaine<\/a> \u00bb, 2024; ainsi que finaliste pour le <a href=\"https:\/\/junoawards.ca\/\" target=\"_blank\" rel=\"noopener noreferrer\">Prix Juno<\/a> \u00ab\u00a0<a href=\"https:\/\/junoawards.ca\/nomination\/2024-classical-album-of-the-year-large-ensemble-orchestre-classique-de-montreal-conducted-by-dirige-par-jacques-lacombe\/\" target=\"_blank\" rel=\"noopener noreferrer\">Classical Album of the Year (Large Ensemble)<\/a> \u00bb, 2024.[\/vc_column_text][\/vc_column][\/vc_row][vc_row row_type=\u00a0\u00bbrow\u00a0\u00bb use_row_as_full_screen_section=\u00a0\u00bbno\u00a0\u00bb type=\u00a0\u00bbfull_width\u00a0\u00bb text_align=\u00a0\u00bbleft\u00a0\u00bb background_animation=\u00a0\u00bbnone\u00a0\u00bb][vc_column][vc_empty_space height=\u00a0\u00bb64px\u00a0\u00bb][vc_text_separator title=\u00a0\u00bbAutres vid\u00e9os de Symphonie de la temp\u00eate de verglas\u00a0\u00bb][vc_empty_space][\/vc_column][\/vc_row][vc_row row_type=\u00a0\u00bbrow\u00a0\u00bb use_row_as_full_screen_section=\u00a0\u00bbno\u00a0\u00bb type=\u00a0\u00bbfull_width\u00a0\u00bb text_align=\u00a0\u00bbleft\u00a0\u00bb background_animation=\u00a0\u00bbnone\u00a0\u00bb][vc_column width=\u00a0\u00bb1\/2&Prime; css=\u00a0\u00bb.vc_custom_1609884132035{border-right-width: 16px !important;padding-top: 0px !important;padding-right: 0px !important;padding-bottom: 0px !important;padding-left: 0px !important;background-color: #f1f1f1 !important;border-right-color: #ffffff !important;border-right-style: solid !important;}\u00a0\u00bb][vc_video link=\u00a0\u00bbhttps:\/\/www.youtube.com\/watch?v=E5-WBBWiXE8&Prime;][vc_column_text css=\u00a0\u00bb.vc_custom_1712253594020{padding-top: 0px !important;padding-right: 20px !important;padding-bottom: 10px !important;padding-left: 20px !important;}\u00a0\u00bb]\n<p style=\"text-align: center;\">Extraits de l&rsquo;enregistrement de Symphonie de la temp\u00eate de verglas, par l&rsquo;<a href=\"https:\/\/orchestre.ca\/\" target=\"_blank\" rel=\"noopener noreferrer\">Orchestre classique de Montr\u00e9al<\/a> et <a href=\"http:\/\/www.jacqueslacombe.com\/\" target=\"_blank\" rel=\"noopener noreferrer\">Jacques Lacombe<\/a>, publi\u00e9 par <a href=\"https:\/\/atmaclassique.com\/produit\/symphonie-de-la-tempete-de-verglas\/\" target=\"_blank\" rel=\"noopener noreferrer\">ATMA Classique<\/a>.<\/p>\n[\/vc_column_text][vc_empty_space css=\u00a0\u00bb.vc_custom_1609884263268{background-color: #ffffff !important;}\u00a0\u00bb][\/vc_column][vc_column width=\u00a0\u00bb1\/2&Prime; css=\u00a0\u00bb.vc_custom_1611282241817{border-left-width: 16px !important;padding-top: 0px !important;padding-right: 0px !important;padding-bottom: 0px !important;padding-left: 0px !important;background-color: #f1f1f1 !important;border-left-color: #ffffff !important;border-left-style: solid !important;}\u00a0\u00bb][vc_video link=\u00a0\u00bbhttps:\/\/www.youtube.com\/watch?v=5lDZUYHB6bE\u00a0\u00bb][vc_column_text css=\u00a0\u00bb.vc_custom_1632927031419{padding-top: 0px !important;padding-right: 20px !important;padding-bottom: 10px !important;padding-left: 20px !important;}\u00a0\u00bb]\n<p style=\"text-align: center;\">1er mouvement de la Symphonie de la temp\u00eate de verglas: Tourmente, par <a href=\"https:\/\/roco.org\/\" target=\"_blank\" rel=\"noopener noreferrer\">ROCO<\/a> et <a href=\"https:\/\/www.meiannchen.com\/\" target=\"_blank\" rel=\"noopener noreferrer\">Mei-Ann Chen<\/a><\/p>\n[\/vc_column_text][vc_empty_space css=\u00a0\u00bb.vc_custom_1609884263268{background-color: #ffffff !important;}\u00a0\u00bb][\/vc_column][\/vc_row][vc_row row_type=\u00a0\u00bbrow\u00a0\u00bb use_row_as_full_screen_section=\u00a0\u00bbno\u00a0\u00bb type=\u00a0\u00bbfull_width\u00a0\u00bb text_align=\u00a0\u00bbleft\u00a0\u00bb background_animation=\u00a0\u00bbnone\u00a0\u00bb][vc_column width=\u00a0\u00bb1\/2&Prime; css=\u00a0\u00bb.vc_custom_1609884132035{border-right-width: 16px !important;padding-top: 0px !important;padding-right: 0px !important;padding-bottom: 0px !important;padding-left: 0px !important;background-color: #f1f1f1 !important;border-right-color: #ffffff !important;border-right-style: solid !important;}\u00a0\u00bb][vc_video link=\u00a0\u00bbhttps:\/\/www.youtube.com\/watch?v=dx99keVotMc\u00a0\u00bb][vc_column_text css=\u00a0\u00bb.vc_custom_1632927209021{padding-top: 0px !important;padding-right: 20px !important;padding-bottom: 10px !important;padding-left: 20px !important;}\u00a0\u00bb]\n<p style=\"text-align: center;\">2e mouvement de la Symphonie de la temp\u00eate de verglas: Chaleur, par l&rsquo;<a href=\"https:\/\/www.osl.ca\/\" target=\"_blank\" rel=\"noopener noreferrer\">Orchestre symphonique de Laval<\/a> et <a href=\"http:\/\/www.alaintrudel.com\/\" target=\"_blank\" rel=\"noopener noreferrer\">Alain Trudel<\/a><\/p>\n[\/vc_column_text][vc_empty_space css=\u00a0\u00bb.vc_custom_1609884263268{background-color: #ffffff !important;}\u00a0\u00bb][\/vc_column][vc_column width=\u00a0\u00bb1\/2&Prime; css=\u00a0\u00bb.vc_custom_1712253527368{border-left-width: 16px !important;padding-top: 0px !important;padding-right: 0px !important;padding-bottom: 0px !important;padding-left: 0px !important;background-color: #f1f1f1 !important;border-left-color: #ffffff !important;border-left-style: solid !important;}\u00a0\u00bb][vc_video link=\u00a0\u00bbhttps:\/\/www.youtube.com\/watch?v=NBKrJQ6KqLg\u00a0\u00bb][vc_column_text css=\u00a0\u00bb.vc_custom_1671464980359{padding-top: 0px !important;padding-right: 20px !important;padding-bottom: 10px !important;padding-left: 20px !important;}\u00a0\u00bb]\n<p style=\"text-align: center;\">Teaser de l&rsquo;album Symphonie de la temp\u00eate de verglas<\/p>\n[\/vc_column_text][vc_empty_space css=\u00a0\u00bb.vc_custom_1609884263268{background-color: #ffffff !important;}\u00a0\u00bb][\/vc_column][\/vc_row][vc_row row_type=\u00a0\u00bbrow\u00a0\u00bb use_row_as_full_screen_section=\u00a0\u00bbno\u00a0\u00bb type=\u00a0\u00bbfull_width\u00a0\u00bb text_align=\u00a0\u00bbleft\u00a0\u00bb background_animation=\u00a0\u00bbnone\u00a0\u00bb][vc_column][vc_empty_space][vc_text_separator title=\u00a0\u00bbCouverture m\u00e9diatique de la Symphonie de la temp\u00eate de verglas\u00a0\u00bb][vc_empty_space][\/vc_column][\/vc_row][vc_row row_type=\u00a0\u00bbrow\u00a0\u00bb use_row_as_full_screen_section=\u00a0\u00bbno\u00a0\u00bb type=\u00a0\u00bbfull_width\u00a0\u00bb text_align=\u00a0\u00bbleft\u00a0\u00bb background_animation=\u00a0\u00bbnone\u00a0\u00bb][vc_column width=\u00a0\u00bb1\/2&Prime; css=\u00a0\u00bb.vc_custom_1609884132035{border-right-width: 16px !important;padding-top: 0px !important;padding-right: 0px !important;padding-bottom: 0px !important;padding-left: 0px !important;background-color: #f1f1f1 !important;border-right-color: #ffffff !important;border-right-style: solid !important;}\u00a0\u00bb][vc_video link=\u00a0\u00bbhttps:\/\/youtu.be\/zhxwDbj0h1Q\u00a0\u00bb][vc_column_text css=\u00a0\u00bb.vc_custom_1712252545297{padding-top: 0px !important;padding-right: 20px !important;padding-bottom: 10px !important;padding-left: 20px !important;}\u00a0\u00bb]\n<p style=\"text-align: center;\">L&rsquo;album <em>Maxime Goulet: Symphonie de la temp\u00eate de verglas<\/em> de l&rsquo;<a href=\"https:\/\/orchestre.ca\/\" target=\"_blank\" rel=\"noopener noreferrer\">Orchestre classique de Montr\u00e9al<\/a> et Jacques Lacombe reporte le Juno pour le meilleur album classique de l&rsquo;ann\u00e9e (grand ensemble)<\/p>\n[\/vc_column_text][vc_empty_space css=\u00a0\u00bb.vc_custom_1609884263268{background-color: #ffffff !important;}\u00a0\u00bb][\/vc_column][vc_column width=\u00a0\u00bb1\/2&Prime; css=\u00a0\u00bb.vc_custom_1611282241817{border-left-width: 16px !important;padding-top: 0px !important;padding-right: 0px !important;padding-bottom: 0px !important;padding-left: 0px !important;background-color: #f1f1f1 !important;border-left-color: #ffffff !important;border-left-style: solid !important;}\u00a0\u00bb][vc_video link=\u00a0\u00bbhttps:\/\/www.youtube.com\/watch?v=hZ7Q9T6hlzo\u00a0\u00bb][vc_column_text css=\u00a0\u00bb.vc_custom_1712252414947{padding-top: 0px !important;padding-right: 20px !important;padding-bottom: 10px !important;padding-left: 20px !important;}\u00a0\u00bb]\n<p style=\"text-align: center;\">Entrevue avec Maxime Goulet \u00e0 City News \u00e0 propos du prix Juno pour\u00a0le meilleur album classique de l&rsquo;ann\u00e9e (grand ensemble)<\/p>\n[\/vc_column_text][vc_empty_space css=\u00a0\u00bb.vc_custom_1609884263268{background-color: #ffffff !important;}\u00a0\u00bb][\/vc_column][\/vc_row][vc_row row_type=\u00a0\u00bbrow\u00a0\u00bb use_row_as_full_screen_section=\u00a0\u00bbno\u00a0\u00bb type=\u00a0\u00bbfull_width\u00a0\u00bb text_align=\u00a0\u00bbleft\u00a0\u00bb background_animation=\u00a0\u00bbnone\u00a0\u00bb][vc_column width=\u00a0\u00bb1\/2&Prime; css=\u00a0\u00bb.vc_custom_1609884132035{border-right-width: 16px !important;padding-top: 0px !important;padding-right: 0px !important;padding-bottom: 0px !important;padding-left: 0px !important;background-color: #f1f1f1 !important;border-right-color: #ffffff !important;border-right-style: solid !important;}\u00a0\u00bb][vc_video link=\u00a0\u00bbhttps:\/\/www.youtube.com\/watch?v=4Owz93hjZ08&Prime;][vc_column_text css=\u00a0\u00bb.vc_custom_1712252630770{padding-top: 0px !important;padding-right: 20px !important;padding-bottom: 10px !important;padding-left: 20px !important;}\u00a0\u00bb]\n<p style=\"text-align: center;\">Entrevue avec Maxime Goulet \u00e0 MaximoTV \u00e0 propos du prix Juno pour le meilleur album classique de l&rsquo;ann\u00e9e (grand ensemble)<\/p>\n[\/vc_column_text][vc_empty_space css=\u00a0\u00bb.vc_custom_1609884263268{background-color: #ffffff !important;}\u00a0\u00bb][\/vc_column][vc_column width=\u00a0\u00bb1\/2&Prime; css=\u00a0\u00bb.vc_custom_1611282241817{border-left-width: 16px !important;padding-top: 0px !important;padding-right: 0px !important;padding-bottom: 0px !important;padding-left: 0px !important;background-color: #f1f1f1 !important;border-left-color: #ffffff !important;border-left-style: solid !important;}\u00a0\u00bb][vc_raw_html]JTNDZGl2JTIwc3R5bGUlM0QlMjJwb3NpdGlvbiUzQXJlbGF0aXZlJTNCcGFkZGluZy1ib3R0b20lM0E1Ni4yNSUyNSUzQmhlaWdodCUzQTAlM0JvdmVyZmxvdyUzQWhpZGRlbiUzQiUyMiUzRSUyMCUzQ2lmcmFtZSUyMHN0eWxlJTNEJTIyd2lkdGglM0ExMDAlMjUlM0JoZWlnaHQlM0ExMDAlMjUlM0Jwb3NpdGlvbiUzQWFic29sdXRlJTNCbGVmdCUzQTBweCUzQnRvcCUzQTBweCUzQm92ZXJmbG93JTNBaGlkZGVuJTIyJTIwZnJhbWVib3JkZXIlM0QlMjIwJTIyJTIwdHlwZSUzRCUyMnRleHQlMkZodG1sJTIyJTIwc3JjJTNEJTIyaHR0cHMlM0ElMkYlMkZ3d3cuZGFpbHltb3Rpb24uY29tJTJGZW1iZWQlMkZ2aWRlbyUyRng4dmpkMXMlM0ZhdXRvcGxheSUzRDAlMjIlMjB3aWR0aCUzRCUyMjEwMCUyNSUyMiUyMGhlaWdodCUzRCUyMjEwMCUyNSUyMiUyMGFsbG93ZnVsbHNjcmVlbiUyMHRpdGxlJTNEJTIyRGFpbHltb3Rpb24lMjBWaWRlbyUyMFBsYXllciUyMiUyMGFsbG93JTNEJTIyYXV0b3BsYXklMjIlM0UlMjAlM0MlMkZpZnJhbWUlM0UlMjAlM0MlMkZkaXYlM0U=[\/vc_raw_html][vc_column_text css=\u00a0\u00bb.vc_custom_1712252800097{padding-top: 0px !important;padding-right: 20px !important;padding-bottom: 10px !important;padding-left: 20px !important;}\u00a0\u00bb]\n<p style=\"text-align: center;\">Conf\u00e9rence de presse avec Maxime Goulet \u00e0 propos du prix Juno pour le meilleur album classique de l&rsquo;ann\u00e9e (grand ensemble)<\/p>\n[\/vc_column_text][vc_empty_space css=\u00a0\u00bb.vc_custom_1609884263268{background-color: #ffffff !important;}\u00a0\u00bb][\/vc_column][\/vc_row][vc_row row_type=\u00a0\u00bbrow\u00a0\u00bb use_row_as_full_screen_section=\u00a0\u00bbno\u00a0\u00bb type=\u00a0\u00bbfull_width\u00a0\u00bb text_align=\u00a0\u00bbleft\u00a0\u00bb background_animation=\u00a0\u00bbnone\u00a0\u00bb][vc_column width=\u00a0\u00bb1\/2&Prime; css=\u00a0\u00bb.vc_custom_1609884132035{border-right-width: 16px !important;padding-top: 0px !important;padding-right: 0px !important;padding-bottom: 0px !important;padding-left: 0px !important;background-color: #f1f1f1 !important;border-right-color: #ffffff !important;border-right-style: solid !important;}\u00a0\u00bb][vc_video link=\u00a0\u00bbhttps:\/\/youtu.be\/qUkgxh59F2Q\u00a0\u00bb][vc_column_text css=\u00a0\u00bb.vc_custom_1609884220303{padding-top: 0px !important;padding-right: 20px !important;padding-bottom: 10px !important;padding-left: 20px !important;}\u00a0\u00bb]\n<p style=\"text-align: center;\">Entrevue avec Maxime Goulet \u00e0 propos de sa Symphonie de la temp\u00eate de verglas, sur Global News.<\/p>\n[\/vc_column_text][vc_empty_space css=\u00a0\u00bb.vc_custom_1609884263268{background-color: #ffffff !important;}\u00a0\u00bb][\/vc_column][vc_column width=\u00a0\u00bb1\/2&Prime; css=\u00a0\u00bb.vc_custom_1611282241817{border-left-width: 16px !important;padding-top: 0px !important;padding-right: 0px !important;padding-bottom: 0px !important;padding-left: 0px !important;background-color: #f1f1f1 !important;border-left-color: #ffffff !important;border-left-style: solid !important;}\u00a0\u00bb][vc_video link=\u00a0\u00bbhttps:\/\/youtu.be\/g6jgdggC7zk\u00a0\u00bb][vc_column_text css=\u00a0\u00bb.vc_custom_1611282198689{padding-top: 0px !important;padding-right: 20px !important;padding-bottom: 10px !important;padding-left: 20px !important;}\u00a0\u00bb]\n<p style=\"text-align: center;\">Entrevue avec Maxime Goulet \u00e0 propos de sa Symphonie de la temp\u00eate de verglas, sur M\u00e9t\u00e9o M\u00e9dia.<\/p>\n[\/vc_column_text][vc_empty_space css=\u00a0\u00bb.vc_custom_1609884263268{background-color: #ffffff !important;}\u00a0\u00bb][\/vc_column][\/vc_row][vc_row row_type=\u00a0\u00bbrow\u00a0\u00bb use_row_as_full_screen_section=\u00a0\u00bbno\u00a0\u00bb type=\u00a0\u00bbfull_width\u00a0\u00bb text_align=\u00a0\u00bbleft\u00a0\u00bb background_animation=\u00a0\u00bbnone\u00a0\u00bb][vc_column width=\u00a0\u00bb1\/2&Prime; css=\u00a0\u00bb.vc_custom_1609884132035{border-right-width: 16px !important;padding-top: 0px !important;padding-right: 0px !important;padding-bottom: 0px !important;padding-left: 0px !important;background-color: #f1f1f1 !important;border-right-color: #ffffff !important;border-right-style: solid !important;}\u00a0\u00bb][vc_video link=\u00a0\u00bbhttps:\/\/www.youtube.com\/watch?v=F95o2fKNIrg\u00a0\u00bb][vc_column_text css=\u00a0\u00bb.vc_custom_1617111610645{padding-top: 0px !important;padding-right: 20px !important;padding-bottom: 10px !important;padding-left: 20px !important;}\u00a0\u00bb]\n<p style=\"text-align: center;\">Entrevue avec Maxime Goulet \u00e0 propos de sa Symphonie de la temp\u00eate de verglas, avec Katerine Verebely.<\/p>\n[\/vc_column_text][vc_empty_space css=\u00a0\u00bb.vc_custom_1609884263268{background-color: #ffffff !important;}\u00a0\u00bb][\/vc_column][vc_column width=\u00a0\u00bb1\/2&Prime; css=\u00a0\u00bb.vc_custom_1636596397544{border-left-width: 16px !important;padding-top: 0px !important;padding-right: 0px !important;padding-bottom: 0px !important;padding-left: 0px !important;background-color: #f1f1f1 !important;border-left-color: #ffffff !important;border-left-style: solid !important;}\u00a0\u00bb][vc_video link=\u00a0\u00bbhttps:\/\/www.youtube.com\/watch?v=aT0uEq73Oh8&Prime;][vc_column_text css=\u00a0\u00bb.vc_custom_1636596456401{padding-top: 0px !important;padding-right: 20px !important;padding-bottom: 10px !important;padding-left: 20px !important;}\u00a0\u00bb]\n<p style=\"text-align: center;\">Maxime Goulet pr\u00e9sente le 1er mouvement de sa Symphonie de la temp\u00eate de verglas, avec ROCO.<\/p>\n[\/vc_column_text][vc_empty_space css=\u00a0\u00bb.vc_custom_1609884263268{background-color: #ffffff !important;}\u00a0\u00bb][\/vc_column][\/vc_row][vc_row row_type=\u00a0\u00bbrow\u00a0\u00bb use_row_as_full_screen_section=\u00a0\u00bbno\u00a0\u00bb type=\u00a0\u00bbfull_width\u00a0\u00bb text_align=\u00a0\u00bbleft\u00a0\u00bb background_animation=\u00a0\u00bbnone\u00a0\u00bb][vc_column][vc_empty_space][vc_text_separator title=\u00a0\u00bbPerformances de la Symphonie de la temp\u00eate de verglas\u00a0\u00bb][vc_empty_space][vc_column_text]2025, Ao\u00fbt, 16 | <a href=\"https:\/\/www.fhosq.org\/fhosq-evenements\/symphonie-de-la-viree\" target=\"_blank\" rel=\"noopener noreferrer\">Orchestre symphonique de la vir\u00e9e<\/a>, Rafael Payare | Complexe Desjardins, Montr\u00e9al, QC, Canada | 2e mouvement de la symphonie<br \/>\n2025, Ao\u00fbt, 13\u00a0|\u00a0<a href=\"https:\/\/www.osm.ca\/\" target=\"_blank\" rel=\"noopener noreferrer\">Orchestre symphonique de Montr\u00e9al<\/a>, Rafael Payare | Stade Olympique, Montr\u00e9al, QC, Canada | 2e mouvement de la symphonie<\/p>\n<p>2024, Avr. 20 | <a href=\"https:\/\/ostr.ca\/\" target=\"_blank\" rel=\"noopener noreferrer\">Orchestre symphonique de Trois-Rivi\u00e8res<\/a>, <a href=\"https:\/\/www.alaintrudel.com\/\" target=\"_blank\" rel=\"noopener noreferrer\">Alain Trudel<\/a> | Salle J.-Antonio-Thompson, Trois-Rivi\u00e8res, QC, Canada\u00a0| Symphonie int\u00e9grale<\/p>\n<p>2023, Nov. 11 | <a href=\"http:\/\/ossherbrooke.com\/\" target=\"_blank\" rel=\"noopener noreferrer\">Orchestre symphonique de Sherbrooke<\/a>, Jean-Michel Malouf | Salle Maurice O\u2019Bready, Sherbrooke, QC, Canada | Symphonie int\u00e9grale<strong><br \/>\n<\/strong>2023, Juin 20 | <a href=\"https:\/\/orchestre.ca\/\" target=\"_blank\" rel=\"noopener noreferrer\">Orchestre classique de Montr\u00e9al<\/a>, <a href=\"http:\/\/www.alaintrudel.com\/\" target=\"_blank\" rel=\"noopener noreferrer\">Alain Trudel<\/a> | Maison symphonique, Montr\u00e9al, QC, Canada | <strong>Symphonie int\u00e9grale (cr\u00e9ation officielle)<\/strong><br \/>\n2023, Juin 17 | <a href=\"https:\/\/ostr.ca\/\" target=\"_blank\" rel=\"noopener noreferrer\">Orchestre symphonique de Trois-Rivi\u00e8res<\/a>, <a href=\"http:\/\/www.alaintrudel.com\/\" target=\"_blank\" rel=\"noopener noreferrer\">Alain Trudel<\/a> | Cocath\u00e9drale Saint-Antoine-de-Padoue, Longueuil, QC, Canada | 2e mouvement de la symphonie<\/p>\n<p>2021, Sept. 25 | <a href=\"https:\/\/roco.org\/\" target=\"_blank\" rel=\"noopener noreferrer\">ROCO<\/a>, <a href=\"https:\/\/www.meiannchen.com\/\" target=\"_blank\" rel=\"noopener noreferrer\">Mai-Ann Chen<\/a> | St. John the Divine, Houston, TX, \u00c9tats-Unis | 1er mouvement de la symphonie (cr\u00e9ation)<\/p>\n<p>2021, 31 mars au 13 avril | <a href=\"https:\/\/www.osl.ca\/\" target=\"_blank\" rel=\"noopener noreferrer\">Orchestre symphonique de Laval<\/a>, <a href=\"http:\/\/www.alaintrudel.com\/\" target=\"_blank\" rel=\"noopener noreferrer\">Alain Trudel<\/a> | Concert en ligne | 2e mouvement de la symphonie (cr\u00e9ation)[\/vc_column_text][\/vc_column][\/vc_row][vc_row row_type=\u00a0\u00bbrow\u00a0\u00bb use_row_as_full_screen_section=\u00a0\u00bbno\u00a0\u00bb type=\u00a0\u00bbfull_width\u00a0\u00bb text_align=\u00a0\u00bbleft\u00a0\u00bb background_animation=\u00a0\u00bbnone\u00a0\u00bb][vc_column][vc_empty_space height=\u00a0\u00bb20px\u00a0\u00bb][vc_column_text]<a href=\"\/fr\/musique-classique\/\"><em><strong>&lt;&lt; Retourner \u00e0 la page principale de Musique classique <\/strong><\/em><\/a><br \/>\n[\/vc_column_text][\/vc_column][\/vc_row]\n","protected":false},"excerpt":{"rendered":"<p>[vc_row row_type=\u00a0\u00bbrow\u00a0\u00bb use_row_as_full_screen_section=\u00a0\u00bbno\u00a0\u00bb type=\u00a0\u00bbfull_width\u00a0\u00bb text_align=\u00a0\u00bbleft\u00a0\u00bb background_animation=\u00a0\u00bbnone\u00a0\u00bb][vc_column width=\u00a0\u00bb2\/3&Prime; css=\u00a0\u00bb.vc_custom_1632926756855{border-top-width: 0px !important;border-right-width: 0px !important;border-bottom-width: 0px !important;border-left-width: 0px !important;padding-top: 0px !important;padding-right: 0px !important;padding-bottom: 0px !important;padding-left: 0px !important;background-color: #f1f1f1 !important;}\u00a0\u00bb][vc_video link=\u00a0\u00bbhttps:\/\/www.youtube.com\/watch?v=Qdx7INSl0R8&Prime;][vc_column_text css=\u00a0\u00bb.vc_custom_1697569450574{padding-top: 0px !important;padding-right: 20px !important;padding-bottom: 10px !important;padding-left: 20px !important;}\u00a0\u00bb] Extraits de la cr\u00e9ation de Symphonie de la temp\u00eate&#8230;<\/p>\n","protected":false},"author":1,"featured_media":0,"comment_status":"open","ping_status":"open","sticky":false,"template":"","format":"standard","meta":[],"categories":[59],"tags":[],"yoast_head":"<!-- This site is optimized with the Yoast SEO plugin v15.6.2 - https:\/\/yoast.com\/wordpress\/plugins\/seo\/ -->\n<title>Symphonie de la temp\u00eate de verglas - Maxime Goulet<\/title>\n<meta name=\"robots\" content=\"index, follow, max-snippet:-1, max-image-preview:large, max-video-preview:-1\" \/>\n<link rel=\"canonical\" href=\"http:\/\/maximegoulet.com\/fr\/symphonie-de-la-tempete-de-verglas\/\" \/>\n<meta property=\"og:locale\" content=\"fr_FR\" \/>\n<meta property=\"og:type\" content=\"article\" \/>\n<meta property=\"og:title\" content=\"Symphonie de la temp\u00eate de verglas - Maxime Goulet\" \/>\n<meta property=\"og:description\" content=\"[vc_row row_type=\u00a0\u00bbrow\u00a0\u00bb use_row_as_full_screen_section=\u00a0\u00bbno\u00a0\u00bb type=\u00a0\u00bbfull_width\u00a0\u00bb text_align=\u00a0\u00bbleft\u00a0\u00bb background_animation=\u00a0\u00bbnone\u00a0\u00bb][vc_column width=\u00a0\u00bb2\/3&Prime; css=\u00a0\u00bb.vc_custom_1632926756855{border-top-width: 0px !important;border-right-width: 0px !important;border-bottom-width: 0px !important;border-left-width: 0px !important;padding-top: 0px !important;padding-right: 0px !important;padding-bottom: 0px !important;padding-left: 0px !important;background-color: #f1f1f1 !important;}\u00a0\u00bb][vc_video link=\u00a0\u00bbhttps:\/\/www.youtube.com\/watch?v=Qdx7INSl0R8&Prime;][vc_column_text css=\u00a0\u00bb.vc_custom_1697569450574{padding-top: 0px !important;padding-right: 20px !important;padding-bottom: 10px !important;padding-left: 20px !important;}\u00a0\u00bb] Extraits de la cr\u00e9ation de Symphonie de la temp\u00eate...\" \/>\n<meta property=\"og:url\" content=\"http:\/\/maximegoulet.com\/fr\/symphonie-de-la-tempete-de-verglas\/\" \/>\n<meta property=\"og:site_name\" content=\"Maxime Goulet\" \/>\n<meta property=\"article:published_time\" content=\"2020-10-15T18:02:56+00:00\" \/>\n<meta property=\"article:modified_time\" content=\"2025-11-13T16:17:15+00:00\" \/>\n<meta name=\"twitter:card\" content=\"summary_large_image\" \/>\n<meta name=\"twitter:label1\" content=\"Dur\u00e9e de lecture est.\">\n\t<meta name=\"twitter:data1\" content=\"8 minutes\">\n<script type=\"application\/ld+json\" class=\"yoast-schema-graph\">{\"@context\":\"https:\/\/schema.org\",\"@graph\":[{\"@type\":\"WebSite\",\"@id\":\"https:\/\/maximegoulet.com\/#website\",\"url\":\"https:\/\/maximegoulet.com\/\",\"name\":\"Maxime Goulet\",\"description\":\"Classical Music &amp; Video Game Composer\",\"potentialAction\":[{\"@type\":\"SearchAction\",\"target\":\"https:\/\/maximegoulet.com\/?s={search_term_string}\",\"query-input\":\"required name=search_term_string\"}],\"inLanguage\":\"fr-FR\"},{\"@type\":\"WebPage\",\"@id\":\"http:\/\/maximegoulet.com\/fr\/symphonie-de-la-tempete-de-verglas\/#webpage\",\"url\":\"http:\/\/maximegoulet.com\/fr\/symphonie-de-la-tempete-de-verglas\/\",\"name\":\"Symphonie de la temp\\u00eate de verglas - Maxime Goulet\",\"isPartOf\":{\"@id\":\"https:\/\/maximegoulet.com\/#website\"},\"datePublished\":\"2020-10-15T18:02:56+00:00\",\"dateModified\":\"2025-11-13T16:17:15+00:00\",\"author\":{\"@id\":\"https:\/\/maximegoulet.com\/#\/schema\/person\/07e023ead6fa042b0ace6194a1deb47c\"},\"inLanguage\":\"fr-FR\",\"potentialAction\":[{\"@type\":\"ReadAction\",\"target\":[\"http:\/\/maximegoulet.com\/fr\/symphonie-de-la-tempete-de-verglas\/\"]}]},{\"@type\":\"Person\",\"@id\":\"https:\/\/maximegoulet.com\/#\/schema\/person\/07e023ead6fa042b0ace6194a1deb47c\",\"name\":\"maxime84\",\"image\":{\"@type\":\"ImageObject\",\"@id\":\"https:\/\/maximegoulet.com\/#personlogo\",\"inLanguage\":\"fr-FR\",\"url\":\"https:\/\/secure.gravatar.com\/avatar\/a170f4497bb8af902e55d662a87b86e9?s=96&d=mm&r=g\",\"caption\":\"maxime84\"}}]}<\/script>\n<!-- \/ Yoast SEO plugin. -->","_links":{"self":[{"href":"https:\/\/maximegoulet.com\/fr\/wp-json\/wp\/v2\/posts\/24862"}],"collection":[{"href":"https:\/\/maximegoulet.com\/fr\/wp-json\/wp\/v2\/posts"}],"about":[{"href":"https:\/\/maximegoulet.com\/fr\/wp-json\/wp\/v2\/types\/post"}],"author":[{"embeddable":true,"href":"https:\/\/maximegoulet.com\/fr\/wp-json\/wp\/v2\/users\/1"}],"replies":[{"embeddable":true,"href":"https:\/\/maximegoulet.com\/fr\/wp-json\/wp\/v2\/comments?post=24862"}],"version-history":[{"count":72,"href":"https:\/\/maximegoulet.com\/fr\/wp-json\/wp\/v2\/posts\/24862\/revisions"}],"predecessor-version":[{"id":26682,"href":"https:\/\/maximegoulet.com\/fr\/wp-json\/wp\/v2\/posts\/24862\/revisions\/26682"}],"wp:attachment":[{"href":"https:\/\/maximegoulet.com\/fr\/wp-json\/wp\/v2\/media?parent=24862"}],"wp:term":[{"taxonomy":"category","embeddable":true,"href":"https:\/\/maximegoulet.com\/fr\/wp-json\/wp\/v2\/categories?post=24862"},{"taxonomy":"post_tag","embeddable":true,"href":"https:\/\/maximegoulet.com\/fr\/wp-json\/wp\/v2\/tags?post=24862"}],"curies":[{"name":"wp","href":"https:\/\/api.w.org\/{rel}","templated":true}]}}