{"id":25999,"date":"2024-09-16T18:59:39","date_gmt":"2024-09-16T18:59:39","guid":{"rendered":"http:\/\/maximegoulet.com\/?p=25999"},"modified":"2026-04-18T17:55:17","modified_gmt":"2026-04-18T17:55:17","slug":"le-carnaval-des-insectes","status":"publish","type":"post","link":"https:\/\/maximegoulet.com\/fr\/le-carnaval-des-insectes\/","title":{"rendered":"Le Carnaval des insectes"},"content":{"rendered":"[vc_row row_type=\u00a0\u00bbrow\u00a0\u00bb use_row_as_full_screen_section=\u00a0\u00bbno\u00a0\u00bb type=\u00a0\u00bbfull_width\u00a0\u00bb text_align=\u00a0\u00bbleft\u00a0\u00bb background_animation=\u00a0\u00bbnone\u00a0\u00bb][vc_column width=\u00a0\u00bb2\/3&Prime; css=\u00a0\u00bb.vc_custom_1632927678256{border-top-width: 0px !important;border-right-width: 0px !important;border-bottom-width: 0px !important;border-left-width: 0px !important;padding-top: 0px !important;padding-right: 0px !important;padding-bottom: 0px !important;padding-left: 0px !important;background-color: #f1f1f1 !important;}\u00a0\u00bb][vc_single_image image=\u00a0\u00bb26002&Prime; img_size=\u00a0\u00bbfull\u00a0\u00bb][vc_column_text css=\u00a0\u00bb.vc_custom_1726512796943{padding-top: 0px !important;padding-right: 20px !important;padding-bottom: 10px !important;padding-left: 20px !important;}\u00a0\u00bb]\n<p style=\"text-align: center;\">Photo par <a href=\"https:\/\/nadiazheng.com\/\" target=\"_blank\" rel=\"noopener noreferrer\">Nadia Zheng<\/a><\/p>\n[\/vc_column_text][\/vc_column][vc_column width=\u00a0\u00bb1\/3&Prime;][vc_column_text css=\u00a0\u00bb.vc_custom_1740076158133{padding-top: 5px !important;padding-right: 10px !important;padding-bottom: 10px !important;padding-left: 15px !important;background-color: #f1f1f1 !important;}\u00a0\u00bb]\n<h6><em>\u00ab\u00a0Toutes ces vignettes sont r\u00e9alis\u00e9es avec esprit et savoir-faire. [&#8230;] Plus le morceau est spectaculaire et richement orchestr\u00e9, plus il est f\u00eat\u00e9; la fourmi, avec son th\u00e8me martial \u00e0 la trompette et caisse claire, arrivant assur\u00e9ment sur le podium.\u00a0\u00bb<\/em><\/h6>\n<p>\u2013\u00a0<a href=\"https:\/\/www.ledevoir.com\/culture\/musique\/845035\/critique-concert-fourmi-scarabee-cigale-podium-maxime-goulet\" target=\"_blank\" rel=\"noopener noreferrer\"><b>Le Devoir<\/b><\/a>, Christophe Huss<\/p>\n<h6><em>\u00ab\u00a0Un clin d\u2019\u0153il au Carnaval des animaux et \u00e0 Pierre et le loup, des pi\u00e8ces souvent utilis\u00e9es pour initier les jeunes \u00e0 la musique classique.\u00a0\u00bb<\/em><\/h6>\n<p>\u2013\u00a0<a href=\"https:\/\/www.journaldemontreal.com\/2025\/02\/15\/un-bal-pour-les-enfants-et-toutes-sortes-dinsectes-a-losm-ce-dimanche\" target=\"_blank\" rel=\"noopener noreferrer\"><b>Journal de Montr\u00e9al<\/b><\/a>, Sarah-\u00c9milie Nault[\/vc_column_text][\/vc_column][\/vc_row][vc_row row_type=\u00a0\u00bbrow\u00a0\u00bb use_row_as_full_screen_section=\u00a0\u00bbno\u00a0\u00bb type=\u00a0\u00bbfull_width\u00a0\u00bb text_align=\u00a0\u00bbleft\u00a0\u00bb background_animation=\u00a0\u00bbnone\u00a0\u00bb][vc_column][vc_empty_space height=\u00a0\u00bb20px\u00a0\u00bb][\/vc_column][\/vc_row][vc_row row_type=\u00a0\u00bbrow\u00a0\u00bb use_row_as_full_screen_section=\u00a0\u00bbno\u00a0\u00bb type=\u00a0\u00bbfull_width\u00a0\u00bb text_align=\u00a0\u00bbleft\u00a0\u00bb background_animation=\u00a0\u00bbnone\u00a0\u00bb][vc_column][vc_column_text]<b>Le Carnaval des insectes<\/b><span style=\"font-weight: 400;\"> est une suite orchestrale de 16 courts mouvements, chacun d\u00e9di\u00e9 \u00e0 un insecte diff\u00e9rent et mettant de l\u2019avant un instrument sp\u00e9cifique de l&rsquo;orchestre. Inspir\u00e9 par Le Carnaval des Animaux de Camille Saint-Sa\u00ebns, cette \u0153uvre invite les auditeurs de tous \u00e2ges \u00e0 explorer le monde vibrant et diversifi\u00e9 des insectes \u00e0 travers les timbres et les couleurs uniques de chacun des instruments orchestraux.<\/span><\/p>\n<p><span style=\"font-weight: 400;\">Dans cette suite, le l\u00e9ger battement d&rsquo;ailes d&rsquo;un papillon, la marche d&rsquo;une fourmi soldat et le bourdonnement incessant d&rsquo;une mouche prennent vie gr\u00e2ce \u00e0 la musique, chaque instrument prenant tour \u00e0 tour la vedette. Les gazouillis espi\u00e8gles de la clarinette, le grondement ancr\u00e9 de la contrebasse et les sauts spectaculaires du trombone nous guident \u00e0 travers un voyage sonore \u00e0 la fois fantaisiste et captivant.<\/span><\/p>\n<p><span style=\"font-weight: 400;\">Bien que con\u00e7u pour un jeune public, Le Carnaval des Insectes offre des couches de complexit\u00e9 et de nuance qui sauront captiver et ravir les auditeurs de tous \u00e2ges. Chaque mouvement est un portrait miniature, capturant l&rsquo;essence de ces minuscules cr\u00e9atures qui jouent un r\u00f4le si vital dans notre monde. Que vous soyez entomologiste, m\u00e9lomane ou simplement curieux, cette suite promet d&rsquo;enchanter et d&rsquo;inspirer avec son m\u00e9lange d&rsquo;imagination, d&rsquo;\u00e9ducation et d&rsquo;art.<\/span><\/p>\n<p><span style=\"font-weight: 400;\">Pr\u00e9parez-vous \u00e0 \u00eatre transport\u00e9 dans le monde miniature et complexe des insectes, o\u00f9 musique et nature s&rsquo;entrelacent dans une c\u00e9l\u00e9bration des plus petites merveilles de la vie.<\/span><\/p>\n<p>Si l&rsquo;orchestre le souhaite, ces br\u00e8ves descriptions de chaque mouvement (r\u00e9dig\u00e9es par le compositeur Maxime Goulet) peuvent \u00eatre pr\u00e9sent\u00e9es au public avant leurs interpr\u00e9tations, soit par le chef d\u2019orchestre, soit par un ma\u00eetre de c\u00e9r\u00e9monie, afin d\u2019enrichir l\u2019exp\u00e9rience et de rendre le concert plus interactif:<\/p>\n<ol>\n<li style=\"font-weight: 400;\" aria-level=\"1\"><b>Libellule (fl\u00fbte)<\/b><span style=\"font-weight: 400;\"><br \/>\n<\/span><span style=\"font-weight: 400;\">Capable de d\u00e9coller \u00e0 la verticale, de voler en marche arri\u00e8re ou de faire du surplace, elle explore les airs avec la curiosit\u00e9 d&rsquo;une aventuri\u00e8re, filant \u00e0 toute allure dans toutes les directions.<\/span><\/li>\n<li style=\"font-weight: 400;\" aria-level=\"1\"><b>Patineur (violon)<\/b><span style=\"font-weight: 400;\"><br \/>\n<\/span><span style=\"font-weight: 400;\">Glissant et sautant avec \u00e9l\u00e9gance sous les projecteurs, il ne manque jamais une occasion d&rsquo;impressionner par ses prouesses et son agilit\u00e9.<\/span><\/li>\n<li style=\"font-weight: 400;\" aria-level=\"1\"><b>Fourmi (trompette et caisse claire)<\/b><span style=\"font-weight: 400;\"><br \/>\n<\/span><span style=\"font-weight: 400;\">Pr\u00eates \u00e0 tout pour d\u00e9fendre leur fourmili\u00e8re, les fourmis guerri\u00e8res avancent avec d\u00e9termination vers l&rsquo;ennemi, pr\u00eates au combat<\/span><\/li>\n<li style=\"font-weight: 400;\" aria-level=\"1\"><b>Cigale (violoncelle)<\/b><span style=\"font-weight: 400;\"><br \/>\n<\/span><span style=\"font-weight: 400;\">Par une chaude nuit d&rsquo;\u00e9t\u00e9, elle entonne son chant lyrique de s\u00e9duction, remplissant l&rsquo;air de sa m\u00e9lodie romantique.<\/span><\/li>\n<li style=\"font-weight: 400;\" aria-level=\"1\"><b>Luciole (glockenspiel)<\/b><span style=\"font-weight: 400;\"><br \/>\n<\/span><span style=\"font-weight: 400;\">Une nu\u00e9e de petites lumi\u00e8res scintillantes danse dans l&rsquo;obscurit\u00e9 de la nuit, illuminant le paysage d&rsquo;une magie douce et myst\u00e9rieuse.<\/span><\/li>\n<li style=\"font-weight: 400;\" aria-level=\"1\"><b>Coquerelle (tuba)<\/b><span style=\"font-weight: 400;\"><br \/>\n<\/span><span style=\"font-weight: 400;\">Rien ne r\u00e9siste \u00e0 son app\u00e9tit insatiable. D\u00e9chets en d\u00e9composition, rognures d&rsquo;ongle, poils, colle \u2013 tout est un festin pour son estomac vorace et puissant. (Composition bas\u00e9e sur le th\u00e8me de la chanson traditionnelle mexicaine \u00ab\u00a0La Cucaracha\u00a0\u00bb)<\/span><\/li>\n<li style=\"font-weight: 400;\" aria-level=\"1\"><b>Papillon (harpe)<\/b><span style=\"font-weight: 400;\"><br \/>\n<\/span><span style=\"font-weight: 400;\">L\u00e9ger, color\u00e9 et gracieux, il parcourt le monde, volant paisiblement sur de grandes distances, port\u00e9 par le vent.<\/span><\/li>\n<li style=\"font-weight: 400;\" aria-level=\"1\"><b>Mouche (clarinette)<\/b><span style=\"font-weight: 400;\"><br \/>\n<\/span><span style=\"font-weight: 400;\">Elle tournoie sans cesse autour de nous, jusqu&rsquo;\u00e0 nous rendre fous. Une tapette en viendra-t-elle \u00e0 bout?<\/span><\/li>\n<li style=\"font-weight: 400;\" aria-level=\"1\"><b>Poisson d\u2019argent (basson)<\/b><span style=\"font-weight: 400;\"><br \/>\n<\/span><span style=\"font-weight: 400;\">Cach\u00e9 dans un recoin humide et obscur, il ne craint qu&rsquo;une seule chose : l&rsquo;\u00e9clat soudain d&rsquo;une lumi\u00e8re venant troubler sa qui\u00e9tude.<\/span><\/li>\n<li style=\"font-weight: 400;\" aria-level=\"1\"><b>Moustique (alto)<\/b><span style=\"font-weight: 400;\"><br \/>\n<\/span><span style=\"font-weight: 400;\">Prenez garde ! Le moustique s&rsquo;\u00e9lance \u00e0 l&rsquo;assaut, d\u00e9termin\u00e9 \u00e0 piquer avec fougue et app\u00e9tit, sans jamais reculer.<\/span><\/li>\n<li style=\"font-weight: 400;\" aria-level=\"1\"><b>Phasme b\u00e2ton (xylophone)<\/b><span style=\"font-weight: 400;\"><br \/>\n<\/span><span style=\"font-weight: 400;\">Ma\u00eetre du camouflage, il se fond dans le d\u00e9cor, ressemblant \u00e0 s&rsquo;y m\u00e9prendre \u00e0 une branche d&rsquo;arbre. Ainsi, il se d\u00e9place discr\u00e8tement, incognito, sur un tronc imposant.<\/span><\/li>\n<li style=\"font-weight: 400;\" aria-level=\"1\"><b>Sauterelle (trombone)<\/b><span style=\"font-weight: 400;\"><br \/>\n<\/span><span style=\"font-weight: 400;\">Comme une athl\u00e8te olympique, elle bat des records en sautant avec gr\u00e2ce et puissance, parcourant des distances impressionnantes d&rsquo;un bond l\u00e9ger.<\/span><\/li>\n<li style=\"font-weight: 400;\" aria-level=\"1\"><b>Mante religieuse (contrebasse)<\/b><span style=\"font-weight: 400;\"><br \/>\n<\/span><span style=\"font-weight: 400;\">Chasseuse redoutable, elle s\u00e8me la terreur parmi les insectes, les d\u00e9vorant impitoyablement alors qu&rsquo;ils sont encore vivants.<\/span><\/li>\n<li style=\"font-weight: 400;\" aria-level=\"1\"><b>Scarab\u00e9e hercule (<\/b><b>Timbales, grosse caisse, toms, tam tam)<\/b><span style=\"font-weight: 400;\"><br \/>\n<\/span><span style=\"font-weight: 400;\">Avec sa gigantesque corne, cet impressionnant colosse insecte se lance dans le combat avec une force et une \u00e9nergie incomparables.<\/span><\/li>\n<li style=\"font-weight: 400;\" aria-level=\"1\"><b>Coccinelle (hautbois)<\/b><span style=\"font-weight: 400;\"><br \/>\n<\/span><span style=\"font-weight: 400;\">Confortablement perch\u00e9e sur une feuille, la coccinelle passe sa journ\u00e9e \u00e0 grignoter patiemment les pucerons, les d\u00e9gustant un par un.<\/span><\/li>\n<li style=\"font-weight: 400;\" aria-level=\"1\"><b>Abeille (cor)<\/b><span style=\"font-weight: 400;\"><br \/>\n<\/span><span style=\"font-weight: 400;\">En imp\u00e9ratrice noble, la majestueuse reine des abeilles r\u00e8gne solennellement sur sa somptueuse ruche.<\/span><\/li>\n<\/ol>\n<p><strong>Instrumentation <\/strong>(disponible en plusieurs versions):<\/p>\n<ul>\n<li>Version pour orchestre symphonique: 2222 \/ 4231 \/ hrp \/ timb+2 \/ cordes<\/li>\n<li>version pour orchestre classique: 222*2 \/ 221*0 \/ hrp* \/ timb+1 \/ cordes\n<ul>\n<li>*La clarinette II double \u00e0 la clarinette basse uniquement dans le mouvement <em>VIII. Coquerelle<\/em>. Si une clarinette basse n\u2019est pas disponible, ce mouvement doit \u00eatre omis.<\/li>\n<li>*Une partie de trombone est incluse pour tous les mouvements, mais l\u2019instrument demeure optionnel. Sans trombone, le mouvement <em>XII. Sauterelle<\/em> doit \u00eatre omis.<\/li>\n<li>*Si une harpe n\u2019est pas disponible, un clavier avec un son de harpe ad\u00e9quat peut \u00eatre utilis\u00e9. Dans ce cas, la partie de clavier doit remplacer enti\u00e8rement la partie de harpe.<\/li>\n<\/ul>\n<\/li>\n<li>version pour quintette \u00e0 vent (arr. par Philipe Poulin)<\/li>\n<\/ul>\n<p><strong>Dur\u00e9e<\/strong>: 20 minutes<\/p>\n<p><strong>Suggestions d&rsquo;oeuvre compl\u00e9mentaires:<\/strong><\/p>\n<ul>\n<li>Saint-Sa\u00ebns: Le Carnaval des animaux<\/li>\n<li><span style=\"font-weight: 400;\">Rimski-Korsakov: Le vol du bourdon<\/span><\/li>\n<li>Roussel: Le Festin de l&rsquo;araign\u00e9e<\/li>\n<li><span style=\"font-weight: 400;\">Ralph Vaghn Williams: The Wasps<\/span><\/li>\n<li>Dvo\u0159\u00e1k: Carnival Overture<\/li>\n<li>Berlioz: Le Carnaval romain<\/li>\n<\/ul>\n<p><strong>Command\u00e9e<\/strong> par l&rsquo;<a href=\"https:\/\/www.osm.ca\/\" target=\"_blank\" rel=\"noopener noreferrer\">Orchestre symphonique de Montr\u00e9al<\/a>.<\/p>\n<p><span style=\"font-weight: 400;\"><strong>D\u00e9di\u00e9e<\/strong> \u00e0 ma fille Mina\u2014ma petite puce.<\/span><\/p>\n<p><strong>Cr\u00e9ation<\/strong>: 16 f\u00e9vrier, 2025, par l&rsquo;<a href=\"https:\/\/www.osm.ca\/\" target=\"_blank\" rel=\"noopener noreferrer\">Orchestre symphonique de Montr\u00e9al<\/a> et <a href=\"https:\/\/rafaelpayare.com\/\" target=\"_blank\" rel=\"noopener noreferrer\">Rafael Payare<\/a>, \u00e0 la Maison symphonique de Montr\u00e9al.<\/p>\n<p><strong>Prix<\/strong>: En 2026, le concert de l\u2019<a href=\"https:\/\/www.osm.ca\/\" target=\"_blank\" rel=\"noopener noreferrer\">Orchestre symphonique de Montr\u00e9al<\/a> pr\u00e9sentant la cr\u00e9ation de l&rsquo;\u0153uvre <em>Le Carnaval des insectes<\/em>\u00a0remporte le Prix Opus \u00ab Production de l\u2019ann\u00e9e \u2013 jeune public \u00bb.[\/vc_column_text][\/vc_column][\/vc_row][vc_row row_type=\u00a0\u00bbrow\u00a0\u00bb use_row_as_full_screen_section=\u00a0\u00bbno\u00a0\u00bb type=\u00a0\u00bbfull_width\u00a0\u00bb text_align=\u00a0\u00bbleft\u00a0\u00bb background_animation=\u00a0\u00bbnone\u00a0\u00bb][vc_column][vc_empty_space][vc_text_separator title=\u00a0\u00bbPerformances de Le Carnaval des insectes\u00a0\u00bb][vc_empty_space][vc_column_text]2027, Juin | <a href=\"https:\/\/ovoe.ch\/\" target=\"_blank\" rel=\"noopener noreferrer\">Oerlikon Orchestra Association (OVOE)<\/a>, Oscar Mario Echeverry | Reformed Church, Oerlikon, Suisse<br \/>\n2027, Avr. 28 | <a href=\"https:\/\/www.vancouversymphony.ca\/\" target=\"_blank\" rel=\"noopener noreferrer\">Vancouver Symphony Orchestra<\/a> | Orpheum Theater, Vancouver, CB, Canada<br \/>\n2027, Avr. 27 | <a href=\"https:\/\/www.vancouversymphony.ca\/\" target=\"_blank\" rel=\"noopener noreferrer\">Vancouver Symphony Orchestra<\/a> | Orpheum Theater, Vancouver, CB, Canada<br \/>\n2027, Avr. 5 | <a href=\"https:\/\/lorchestre.org\/\" target=\"_blank\" rel=\"noopener noreferrer\">Orchestre symphonique du Saguenay-Lac-Saint-Jean<\/a>, Johann Stuckenbruck | Th\u00e9\u00e2tre C de Chicoutimi, Chicoutimi, QC, Canada<br \/>\n2027, Avr. 4 | <a href=\"https:\/\/lorchestre.org\/\" target=\"_blank\" rel=\"noopener noreferrer\">Orchestre symphonique du Saguenay-Lac-Saint-Jean<\/a>, Johann Stuckenbruck | Th\u00e9\u00e2tre C de Chicoutimi, Chicoutimi, QC, Canada<\/p>\n<p>2026, Mai 2 | <a href=\"https:\/\/ovoe.ch\/\" target=\"_blank\" rel=\"noopener noreferrer\">OVOE Wind Quintet<\/a> | Hindemith Foundation, Blonay &#8211; Saint-L\u00e9gier, Suisse<br \/>\n2026, Avr. 30 | <a href=\"https:\/\/www.osl.ca\/\" target=\"_blank\" rel=\"noopener noreferrer\">Orchestre symphonique de Laval<\/a>, L\u00e9a Moisan-Perrier | Salle Andr\u00e9 Mathieu, Laval, QC, Canada<br \/>\n2026, Avr. 29 | <a href=\"https:\/\/www.osl.ca\/\" target=\"_blank\" rel=\"noopener noreferrer\">Orchestre symphonique de Laval<\/a>, L\u00e9a Moisan-Perrier | Salle Andr\u00e9 Mathieu, Laval, QC, Canada<br \/>\n2026, Mars 26 | \u00a0<a href=\"https:\/\/www.osm.ca\/\" target=\"_blank\" rel=\"noopener noreferrer\">Orchestre symphonique de Montr\u00e9al<\/a>, Julien Proulx\u00a0| Maison symphonique de Montr\u00e9al, Montreal, QC, Canada<br \/>\n2026, Mars 25 | \u00a0<a href=\"https:\/\/www.osm.ca\/\" target=\"_blank\" rel=\"noopener noreferrer\">Orchestre symphonique de Montr\u00e9al<\/a>, Julien Proulx\u00a0| Maison symphonique de Montr\u00e9al, Montreal, QC, Canada<br \/>\n2026, Mars 24 | \u00a0<a href=\"https:\/\/www.osm.ca\/\" target=\"_blank\" rel=\"noopener noreferrer\">Orchestre symphonique de Montr\u00e9al<\/a>, Julien Proulx\u00a0| Maison symphonique de Montr\u00e9al, Montreal, QC, Canada<br \/>\n2026, Mars 23 | \u00a0<a href=\"https:\/\/www.osm.ca\/\" target=\"_blank\" rel=\"noopener noreferrer\">Orchestre symphonique de Montr\u00e9al<\/a>, Julien Proulx\u00a0| Maison symphonique de Montr\u00e9al, Montreal, QC, Canada<br \/>\n2026, Mars 22 | \u00a0<a href=\"https:\/\/www.osm.ca\/\" target=\"_blank\" rel=\"noopener noreferrer\">Orchestre symphonique de Montr\u00e9al<\/a>, Julien Proulx | Maison symphonique de Montr\u00e9al, Montreal, QC, Canada<\/p>\n<p>2025, Avr. 2 | \u00a0<a href=\"https:\/\/www.osm.ca\/\" target=\"_blank\" rel=\"noopener noreferrer\">Orchestre symphonique de Montr\u00e9al<\/a>, Julien Proulx | Maison symphonique de Montr\u00e9al, Montr\u00e9al, QC Canada<br \/>\n2025, Avr. 1 | \u00a0<a href=\"https:\/\/www.osm.ca\/\" target=\"_blank\" rel=\"noopener noreferrer\">Orchestre symphonique de Montr\u00e9al<\/a>, Julien Proulx | Maison symphonique de Montr\u00e9al, Montr\u00e9al, QC Canada<br \/>\n2025, Mar. 31 | \u00a0<a href=\"https:\/\/www.osm.ca\/\" target=\"_blank\" rel=\"noopener noreferrer\">Orchestre symphonique de Montr\u00e9al<\/a>, Julien Proulx | Maison symphonique de Montr\u00e9al, Montreal, QC Canada<br \/>\n2025, F\u00e9v. 16 | <a href=\"https:\/\/www.osm.ca\/\" target=\"_blank\" rel=\"noopener noreferrer\">Orchestre symphonique de Montr\u00e9al<\/a>, Rafael Payare | Maison symphonique de Montr\u00e9al, Montr\u00e9al, QC Canada<strong>\u00a0<\/strong>(cr\u00e9ation)[\/vc_column_text][\/vc_column][\/vc_row][vc_row row_type=\u00a0\u00bbrow\u00a0\u00bb use_row_as_full_screen_section=\u00a0\u00bbno\u00a0\u00bb type=\u00a0\u00bbfull_width\u00a0\u00bb text_align=\u00a0\u00bbleft\u00a0\u00bb background_animation=\u00a0\u00bbnone\u00a0\u00bb][vc_column][vc_empty_space height=\u00a0\u00bb20px\u00a0\u00bb][vc_column_text]<a href=\"http:\/\/maximegoulet.com\/fr\/musique-classique\/\"><em><strong>&lt;&lt; Retourner \u00e0 la page principale de Musique classique<\/strong><\/em><\/a>[\/vc_column_text][\/vc_column][\/vc_row]\n","protected":false},"excerpt":{"rendered":"<p>[vc_row row_type=\u00a0\u00bbrow\u00a0\u00bb use_row_as_full_screen_section=\u00a0\u00bbno\u00a0\u00bb type=\u00a0\u00bbfull_width\u00a0\u00bb text_align=\u00a0\u00bbleft\u00a0\u00bb background_animation=\u00a0\u00bbnone\u00a0\u00bb][vc_column width=\u00a0\u00bb2\/3&Prime; css=\u00a0\u00bb.vc_custom_1632927678256{border-top-width: 0px !important;border-right-width: 0px !important;border-bottom-width: 0px !important;border-left-width: 0px !important;padding-top: 0px !important;padding-right: 0px !important;padding-bottom: 0px !important;padding-left: 0px !important;background-color: #f1f1f1 !important;}\u00a0\u00bb][vc_single_image image=\u00a0\u00bb26002&Prime; img_size=\u00a0\u00bbfull\u00a0\u00bb][vc_column_text css=\u00a0\u00bb.vc_custom_1726512796943{padding-top: 0px !important;padding-right: 20px !important;padding-bottom: 10px !important;padding-left: 20px !important;}\u00a0\u00bb] Photo par Nadia Zheng [\/vc_column_text][\/vc_column][vc_column width=\u00a0\u00bb1\/3&Prime;][vc_column_text css=\u00a0\u00bb.vc_custom_1740076158133{padding-top: 5px&#8230;<\/p>\n","protected":false},"author":1,"featured_media":0,"comment_status":"open","ping_status":"open","sticky":false,"template":"","format":"standard","meta":[],"categories":[59],"tags":[],"yoast_head":"<!-- This site is optimized with the Yoast SEO plugin v15.6.2 - https:\/\/yoast.com\/wordpress\/plugins\/seo\/ -->\n<title>Le Carnaval des insectes - Maxime Goulet<\/title>\n<meta name=\"robots\" content=\"index, follow, max-snippet:-1, max-image-preview:large, max-video-preview:-1\" \/>\n<link rel=\"canonical\" href=\"http:\/\/maximegoulet.com\/fr\/le-carnaval-des-insectes\/\" \/>\n<meta property=\"og:locale\" content=\"fr_FR\" \/>\n<meta property=\"og:type\" content=\"article\" \/>\n<meta property=\"og:title\" content=\"Le Carnaval des insectes - Maxime Goulet\" \/>\n<meta property=\"og:description\" content=\"[vc_row row_type=\u00a0\u00bbrow\u00a0\u00bb use_row_as_full_screen_section=\u00a0\u00bbno\u00a0\u00bb type=\u00a0\u00bbfull_width\u00a0\u00bb text_align=\u00a0\u00bbleft\u00a0\u00bb background_animation=\u00a0\u00bbnone\u00a0\u00bb][vc_column width=\u00a0\u00bb2\/3&Prime; css=\u00a0\u00bb.vc_custom_1632927678256{border-top-width: 0px !important;border-right-width: 0px !important;border-bottom-width: 0px !important;border-left-width: 0px !important;padding-top: 0px !important;padding-right: 0px !important;padding-bottom: 0px !important;padding-left: 0px !important;background-color: #f1f1f1 !important;}\u00a0\u00bb][vc_single_image image=\u00a0\u00bb26002&Prime; img_size=\u00a0\u00bbfull\u00a0\u00bb][vc_column_text css=\u00a0\u00bb.vc_custom_1726512796943{padding-top: 0px !important;padding-right: 20px !important;padding-bottom: 10px !important;padding-left: 20px !important;}\u00a0\u00bb] Photo par Nadia Zheng [\/vc_column_text][\/vc_column][vc_column width=\u00a0\u00bb1\/3&Prime;][vc_column_text css=\u00a0\u00bb.vc_custom_1740076158133{padding-top: 5px...\" \/>\n<meta property=\"og:url\" content=\"http:\/\/maximegoulet.com\/fr\/le-carnaval-des-insectes\/\" \/>\n<meta property=\"og:site_name\" content=\"Maxime Goulet\" \/>\n<meta property=\"article:published_time\" content=\"2024-09-16T18:59:39+00:00\" \/>\n<meta property=\"article:modified_time\" content=\"2026-04-18T17:55:17+00:00\" \/>\n<meta name=\"twitter:card\" content=\"summary_large_image\" \/>\n<meta name=\"twitter:label1\" content=\"Dur\u00e9e de lecture est.\">\n\t<meta name=\"twitter:data1\" content=\"6 minutes\">\n<script type=\"application\/ld+json\" class=\"yoast-schema-graph\">{\"@context\":\"https:\/\/schema.org\",\"@graph\":[{\"@type\":\"WebSite\",\"@id\":\"https:\/\/maximegoulet.com\/#website\",\"url\":\"https:\/\/maximegoulet.com\/\",\"name\":\"Maxime Goulet\",\"description\":\"Classical Music &amp; Video Game Composer\",\"potentialAction\":[{\"@type\":\"SearchAction\",\"target\":\"https:\/\/maximegoulet.com\/?s={search_term_string}\",\"query-input\":\"required name=search_term_string\"}],\"inLanguage\":\"fr-FR\"},{\"@type\":\"WebPage\",\"@id\":\"http:\/\/maximegoulet.com\/fr\/le-carnaval-des-insectes\/#webpage\",\"url\":\"http:\/\/maximegoulet.com\/fr\/le-carnaval-des-insectes\/\",\"name\":\"Le Carnaval des insectes - Maxime Goulet\",\"isPartOf\":{\"@id\":\"https:\/\/maximegoulet.com\/#website\"},\"datePublished\":\"2024-09-16T18:59:39+00:00\",\"dateModified\":\"2026-04-18T17:55:17+00:00\",\"author\":{\"@id\":\"https:\/\/maximegoulet.com\/#\/schema\/person\/07e023ead6fa042b0ace6194a1deb47c\"},\"inLanguage\":\"fr-FR\",\"potentialAction\":[{\"@type\":\"ReadAction\",\"target\":[\"http:\/\/maximegoulet.com\/fr\/le-carnaval-des-insectes\/\"]}]},{\"@type\":\"Person\",\"@id\":\"https:\/\/maximegoulet.com\/#\/schema\/person\/07e023ead6fa042b0ace6194a1deb47c\",\"name\":\"maxime84\",\"image\":{\"@type\":\"ImageObject\",\"@id\":\"https:\/\/maximegoulet.com\/#personlogo\",\"inLanguage\":\"fr-FR\",\"url\":\"https:\/\/secure.gravatar.com\/avatar\/a170f4497bb8af902e55d662a87b86e9?s=96&d=mm&r=g\",\"caption\":\"maxime84\"}}]}<\/script>\n<!-- \/ Yoast SEO plugin. -->","_links":{"self":[{"href":"https:\/\/maximegoulet.com\/fr\/wp-json\/wp\/v2\/posts\/25999"}],"collection":[{"href":"https:\/\/maximegoulet.com\/fr\/wp-json\/wp\/v2\/posts"}],"about":[{"href":"https:\/\/maximegoulet.com\/fr\/wp-json\/wp\/v2\/types\/post"}],"author":[{"embeddable":true,"href":"https:\/\/maximegoulet.com\/fr\/wp-json\/wp\/v2\/users\/1"}],"replies":[{"embeddable":true,"href":"https:\/\/maximegoulet.com\/fr\/wp-json\/wp\/v2\/comments?post=25999"}],"version-history":[{"count":34,"href":"https:\/\/maximegoulet.com\/fr\/wp-json\/wp\/v2\/posts\/25999\/revisions"}],"predecessor-version":[{"id":26853,"href":"https:\/\/maximegoulet.com\/fr\/wp-json\/wp\/v2\/posts\/25999\/revisions\/26853"}],"wp:attachment":[{"href":"https:\/\/maximegoulet.com\/fr\/wp-json\/wp\/v2\/media?parent=25999"}],"wp:term":[{"taxonomy":"category","embeddable":true,"href":"https:\/\/maximegoulet.com\/fr\/wp-json\/wp\/v2\/categories?post=25999"},{"taxonomy":"post_tag","embeddable":true,"href":"https:\/\/maximegoulet.com\/fr\/wp-json\/wp\/v2\/tags?post=25999"}],"curies":[{"name":"wp","href":"https:\/\/api.w.org\/{rel}","templated":true}]}}